{"id":57367,"date":"2018-01-24T01:45:17","date_gmt":"2018-01-23T21:45:17","guid":{"rendered":""},"modified":"-0001-11-30T00:00:00","modified_gmt":"-0001-11-29T20:00:00","slug":"","status":"publish","type":"post","link":"https:\/\/ucnoqta.az\/?p=57367","title":{"rendered":"\u015eimali Koreyadan C\u0259nubi Koreyaya t\u0259l\u0259b:<font color=red><b> &#8220;\u00dczr ist\u0259yin&#8221;<\/b><\/font>"},"content":{"rendered":"<p><strong>D&uuml;n\u0259n C\u0259nubi Koreyan\u0131n Seul \u015f\u0259h\u0259rind\u0259 \u015eimali Koreyan\u0131n bayra\u011f\u0131 v\u0259 Kim &Ccedil;en \u0130nin portreti yand\u0131r\u0131l\u0131b.<\/strong><\/p>\n<p>&quot;Ucnoqta.az&quot; &quot;&Ouml;lk\u0259.Az&quot;a istinad\u0259n x\u0259b\u0259r verir ki, \u015eimali Koreya c\u0259nublulardan h&ouml;kum\u0259t s\u0259viyy\u0259sind\u0259 &uuml;zr ist\u0259m\u0259yi t\u0259l\u0259b edib. Bu bar\u0259d\u0259 \u015eimali Koreyan\u0131n Moskvadak\u0131 s\u0259firliyi m\u0259lumat verib.<br \/>\n&nbsp;<\/p>\n<p>M\u0259lumatda deyilir: &quot;C\u0259nubi Koreya h&ouml;kum\u0259ti siyasi t\u0259xribatlar\u0131 s\u0259b\u0259bind\u0259n &uuml;zr ist\u0259m\u0259li, ciny\u0259tkarlar\u0131 c\u0259zaland\u0131rmal\u0131, n&ouml;vb\u0259ti d\u0259f\u0259l\u0259rd\u0259 bel\u0259 hallar\u0131n ba\u015f verm\u0259m\u0259si &uuml;&ccedil;&uuml;n t\u0259dbirl\u0259r g&ouml;rm\u0259lidir.<\/p>\n<p>&nbsp;<\/p>\n<p>Xalq\u0131m\u0131za qar\u015f\u0131 bu h\u0259r\u0259k\u0259t yolverilm\u0259zdir. Biz iki d&ouml;vl\u0259t aras\u0131nda m&uuml;nasib\u0259tl\u0259r\u0259 &ouml;n\u0259m veririk. Amma fanatlar\u0131n laz\u0131ms\u0131z h\u0259r\u0259k\u0259tl\u0259rin\u0259 d\u0259 g&ouml;z yuma bilm\u0259rik&quot;.<\/p>\n","protected":false},"excerpt":{"rendered":"<p>D&uuml;n\u0259n C\u0259nubi Koreyan\u0131n Seul \u015f\u0259h\u0259rind\u0259 \u015eimali Koreyan\u0131n bayra\u011f\u0131 v\u0259 Kim &Ccedil;en \u0130nin portreti yand\u0131r\u0131l\u0131b. &quot;Ucnoqta.az&quot; &quot;&Ouml;lk\u0259.Az&quot;a istinad\u0259n x\u0259b\u0259r verir ki, \u015eimali Koreya c\u0259nublulardan h&ouml;kum\u0259t s\u0259viyy\u0259sind\u0259 &uuml;zr ist\u0259m\u0259yi t\u0259l\u0259b edib. Bu&hellip;<\/p>\n","protected":false},"author":1,"featured_media":251278,"comment_status":"open","ping_status":"open","sticky":false,"template":"","format":"standard","meta":{"_lmt_disableupdate":"","_lmt_disable":"","footnotes":""},"categories":[89],"tags":[],"class_list":["post-57367","post","type-post","status-publish","format-standard","has-post-thumbnail","hentry","category-dunya-butun-xeberler"],"_links":{"self":[{"href":"https:\/\/ucnoqta.az\/index.php?rest_route=\/wp\/v2\/posts\/57367","targetHints":{"allow":["GET"]}}],"collection":[{"href":"https:\/\/ucnoqta.az\/index.php?rest_route=\/wp\/v2\/posts"}],"about":[{"href":"https:\/\/ucnoqta.az\/index.php?rest_route=\/wp\/v2\/types\/post"}],"author":[{"embeddable":true,"href":"https:\/\/ucnoqta.az\/index.php?rest_route=\/wp\/v2\/users\/1"}],"replies":[{"embeddable":true,"href":"https:\/\/ucnoqta.az\/index.php?rest_route=%2Fwp%2Fv2%2Fcomments&post=57367"}],"version-history":[{"count":0,"href":"https:\/\/ucnoqta.az\/index.php?rest_route=\/wp\/v2\/posts\/57367\/revisions"}],"wp:featuredmedia":[{"embeddable":true,"href":"https:\/\/ucnoqta.az\/index.php?rest_route=\/wp\/v2\/media\/251278"}],"wp:attachment":[{"href":"https:\/\/ucnoqta.az\/index.php?rest_route=%2Fwp%2Fv2%2Fmedia&parent=57367"}],"wp:term":[{"taxonomy":"category","embeddable":true,"href":"https:\/\/ucnoqta.az\/index.php?rest_route=%2Fwp%2Fv2%2Fcategories&post=57367"},{"taxonomy":"post_tag","embeddable":true,"href":"https:\/\/ucnoqta.az\/index.php?rest_route=%2Fwp%2Fv2%2Ftags&post=57367"}],"curies":[{"name":"wp","href":"https:\/\/api.w.org\/{rel}","templated":true}]}}