{"id":57365,"date":"2018-01-23T15:36:40","date_gmt":"2018-01-23T11:36:40","guid":{"rendered":""},"modified":"-0001-11-30T00:00:00","modified_gmt":"-0001-11-29T20:00:00","slug":"","status":"publish","type":"post","link":"https:\/\/ucnoqta.az\/?p=57365","title":{"rendered":"\u201cQaraba\u011f\u201ddan ayr\u0131lmaq fikrim yoxdur\u201d \u2013 <font color=red><b>Qurban Qurbanov<\/b><\/font>"},"content":{"rendered":"<div><strong>&ldquo;Qaraba\u011f&rdquo; v\u0259 Az\u0259rbaycan millisi &ouml;lk\u0259 futbolunun \u0259n m\u0259suliyy\u0259tli yerl\u0259ridir<\/strong><\/p>\n<p>Az\u0259rbaycan millisinin ba\u015f m\u0259\u015fq&ccedil;isi Qurban Qurbanov &ldquo;Qaraba\u011f&rdquo;dan ayr\u0131lmaq fikrind\u0259 deyil. Qol.az-\u0131n x\u0259b\u0259rin\u0259 g&ouml;r\u0259, bu haqda o, &ldquo;Region Plus&rdquo; jurnal\u0131na verdiyi m&uuml;sahib\u0259d\u0259 bildirib.<strong>&nbsp;<\/strong>Millinin ba\u015f m\u0259\u015fq&ccedil;isi t\u0259yin edildikd\u0259n sonra A\u011fdam klubundan ayr\u0131lmas\u0131n\u0131n m&uuml;mk&uuml;nl&uuml;y&uuml;n\u0259 dair s\u0259sl\u0259n\u0259n fikirl\u0259r\u0259 m&uuml;nasib\u0259t a&ccedil;\u0131qlayan 46 ya\u015fl\u0131 m&uuml;t\u0259x\u0259ssis qeyd edib ki, bu ilin yay\u0131na q\u0259d\u0259r &ldquo;Qaraba\u011f&rdquo;la m&uuml;qavil\u0259sinin m&uuml;dd\u0259tini uzad\u0131b:<\/div>\n<div>&ldquo;Qaraba\u011f&rdquo;dan ayr\u0131lmaq bar\u0259d\u0259 d&uuml;\u015f&uuml;nm&uuml;r\u0259m. M&uuml;qavil\u0259miz may\u0131n sonuna q\u0259d\u0259r n\u0259z\u0259rd\u0259 tutulub. Bu komanda m\u0259nim &uuml;&ccedil;&uuml;n &ccedil;ox do\u011fmad\u0131r. Doqquz ildir &ldquo;Qaraba\u011f&rdquo;dayam. Bel\u0259 fikir n\u0259 m\u0259nd\u0259, n\u0259 r\u0259hb\u0259rlikd\u0259 olub. H\u0259mi\u015f\u0259 uzunm&uuml;dd\u0259tli \u0259m\u0259kda\u015fl\u0131q bar\u0259d\u0259 dan\u0131\u015fm\u0131\u015f\u0131q. &ldquo;Qaraba\u011f&rdquo; v\u0259 Az\u0259rbaycan millisi &ouml;lk\u0259 futbolunun \u0259n m\u0259suliyy\u0259tli yerl\u0259ridir. \u0130\u015fim a\u011f\u0131r olsa bel\u0259, klubdan ayr\u0131lmaq bar\u0259d\u0259 fikrim yoxdur&rdquo; &ndash; dey\u0259 Q.Qurbanov bildirib.<\/div>\n","protected":false},"excerpt":{"rendered":"<p>&ldquo;Qaraba\u011f&rdquo; v\u0259 Az\u0259rbaycan millisi &ouml;lk\u0259 futbolunun \u0259n m\u0259suliyy\u0259tli yerl\u0259ridir Az\u0259rbaycan millisinin ba\u015f m\u0259\u015fq&ccedil;isi Qurban Qurbanov &ldquo;Qaraba\u011f&rdquo;dan ayr\u0131lmaq fikrind\u0259 deyil. Qol.az-\u0131n x\u0259b\u0259rin\u0259 g&ouml;r\u0259, bu haqda o, &ldquo;Region Plus&rdquo; jurnal\u0131na verdiyi m&uuml;sahib\u0259d\u0259&hellip;<\/p>\n","protected":false},"author":1,"featured_media":251278,"comment_status":"open","ping_status":"open","sticky":false,"template":"","format":"standard","meta":{"_lmt_disableupdate":"","_lmt_disable":"","footnotes":""},"categories":[90],"tags":[],"class_list":["post-57365","post","type-post","status-publish","format-standard","has-post-thumbnail","hentry","category-idman-butun-xeberler"],"_links":{"self":[{"href":"https:\/\/ucnoqta.az\/index.php?rest_route=\/wp\/v2\/posts\/57365","targetHints":{"allow":["GET"]}}],"collection":[{"href":"https:\/\/ucnoqta.az\/index.php?rest_route=\/wp\/v2\/posts"}],"about":[{"href":"https:\/\/ucnoqta.az\/index.php?rest_route=\/wp\/v2\/types\/post"}],"author":[{"embeddable":true,"href":"https:\/\/ucnoqta.az\/index.php?rest_route=\/wp\/v2\/users\/1"}],"replies":[{"embeddable":true,"href":"https:\/\/ucnoqta.az\/index.php?rest_route=%2Fwp%2Fv2%2Fcomments&post=57365"}],"version-history":[{"count":0,"href":"https:\/\/ucnoqta.az\/index.php?rest_route=\/wp\/v2\/posts\/57365\/revisions"}],"wp:featuredmedia":[{"embeddable":true,"href":"https:\/\/ucnoqta.az\/index.php?rest_route=\/wp\/v2\/media\/251278"}],"wp:attachment":[{"href":"https:\/\/ucnoqta.az\/index.php?rest_route=%2Fwp%2Fv2%2Fmedia&parent=57365"}],"wp:term":[{"taxonomy":"category","embeddable":true,"href":"https:\/\/ucnoqta.az\/index.php?rest_route=%2Fwp%2Fv2%2Fcategories&post=57365"},{"taxonomy":"post_tag","embeddable":true,"href":"https:\/\/ucnoqta.az\/index.php?rest_route=%2Fwp%2Fv2%2Ftags&post=57365"}],"curies":[{"name":"wp","href":"https:\/\/api.w.org\/{rel}","templated":true}]}}