{"id":57362,"date":"2018-01-23T15:16:14","date_gmt":"2018-01-23T11:16:14","guid":{"rendered":""},"modified":"-0001-11-30T00:00:00","modified_gmt":"-0001-11-29T20:00:00","slug":"","status":"publish","type":"post","link":"https:\/\/ucnoqta.az\/?p=57362","title":{"rendered":"<font color=red><b>\u018frdo\u011fan<\/b><\/font>: Ba\u015fqa \u00f6lk\u0259l\u0259rin &#8220;Zeytun buda\u011f\u0131&#8221; il\u0259 ba\u011fl\u0131 fikirl\u0259ri T\u00fcrkiy\u0259ni maraqland\u0131rm\u0131r"},"content":{"rendered":"<p><strong>Ba\u015fqa &ouml;lk\u0259l\u0259rin &quot;Zeytun buda\u011f\u0131&quot; \u0259m\u0259liyyat\u0131 il\u0259 ba\u011fl\u0131 fikirl\u0259ri T&uuml;rkiy\u0259ni maraqland\u0131rm\u0131r.<\/strong><br \/>\n&nbsp;<\/p>\n<p>&quot;Ucnoqta.az&quot; Trend-\u0259 istinad\u0259n bildirir ki, bunu T&uuml;rkiy\u0259 Prezidenti R\u0259c\u0259b Tayyib \u018frdo\u011fan \u0259m\u0259liyyatlarda h\u0259lak olan t&uuml;rk h\u0259rb&ccedil;inin d\u0259fn m\u0259rasimind\u0259 deyib.<br \/>\n&nbsp;<\/p>\n<p>D&ouml;vl\u0259t ba\u015f&ccedil;\u0131s\u0131 bildirib ki, T&uuml;rkiy\u0259 PYD v\u0259 YPG terror&ccedil;ular\u0131na qar\u015f\u0131 y&ouml;n\u0259l\u0259n &quot;Zeytun buda\u011f\u0131&quot; \u0259m\u0259liyyat\u0131n\u0131n u\u011furlu olaca\u011f\u0131na inan\u0131r.<br \/>\n&nbsp;<\/p>\n<p>R.T.\u018frdo\u011fan\u0131n s&ouml;zl\u0259rin\u0259 g&ouml;r\u0259, h\u0259r k\u0259s bilm\u0259lidir ki, Ankara &ouml;z s\u0259rh\u0259dl\u0259rind\u0259ki terror&ccedil;ular\u0131 tamamil\u0259 m\u0259hv ed\u0259c\u0259k.<br \/>\n&nbsp;<\/p>\n<p>Xat\u0131rladaq ki, yanvar\u0131n 20-d\u0259 T&uuml;rkiy\u0259 Silahl\u0131 Q&uuml;vv\u0259l\u0259ri Suriyan\u0131n Afrin \u015f\u0259h\u0259rind\u0259 PYD v\u0259 YPG terror&ccedil;ular\u0131na qar\u015f\u0131 \u0259m\u0259liyyata ba\u015flay\u0131b. &quot;Zeytun buda\u011f\u0131&quot; ad\u0131 alt\u0131nda ke&ccedil;iril\u0259n \u0259m\u0259liyyatlara T&uuml;rkiy\u0259 H\u0259rbi Hava Q&uuml;vv\u0259l\u0259rinin &quot;F-16&quot; t\u0259yyar\u0259l\u0259ri d\u0259 c\u0259lb olunub.<\/p>\n","protected":false},"excerpt":{"rendered":"<p>Ba\u015fqa &ouml;lk\u0259l\u0259rin &quot;Zeytun buda\u011f\u0131&quot; \u0259m\u0259liyyat\u0131 il\u0259 ba\u011fl\u0131 fikirl\u0259ri T&uuml;rkiy\u0259ni maraqland\u0131rm\u0131r. &nbsp; &quot;Ucnoqta.az&quot; Trend-\u0259 istinad\u0259n bildirir ki, bunu T&uuml;rkiy\u0259 Prezidenti R\u0259c\u0259b Tayyib \u018frdo\u011fan \u0259m\u0259liyyatlarda h\u0259lak olan t&uuml;rk h\u0259rb&ccedil;inin d\u0259fn m\u0259rasimind\u0259 deyib.&hellip;<\/p>\n","protected":false},"author":1,"featured_media":251278,"comment_status":"open","ping_status":"open","sticky":false,"template":"","format":"standard","meta":{"_lmt_disableupdate":"","_lmt_disable":"","footnotes":""},"categories":[89],"tags":[],"class_list":["post-57362","post","type-post","status-publish","format-standard","has-post-thumbnail","hentry","category-dunya-butun-xeberler"],"_links":{"self":[{"href":"https:\/\/ucnoqta.az\/index.php?rest_route=\/wp\/v2\/posts\/57362","targetHints":{"allow":["GET"]}}],"collection":[{"href":"https:\/\/ucnoqta.az\/index.php?rest_route=\/wp\/v2\/posts"}],"about":[{"href":"https:\/\/ucnoqta.az\/index.php?rest_route=\/wp\/v2\/types\/post"}],"author":[{"embeddable":true,"href":"https:\/\/ucnoqta.az\/index.php?rest_route=\/wp\/v2\/users\/1"}],"replies":[{"embeddable":true,"href":"https:\/\/ucnoqta.az\/index.php?rest_route=%2Fwp%2Fv2%2Fcomments&post=57362"}],"version-history":[{"count":0,"href":"https:\/\/ucnoqta.az\/index.php?rest_route=\/wp\/v2\/posts\/57362\/revisions"}],"wp:featuredmedia":[{"embeddable":true,"href":"https:\/\/ucnoqta.az\/index.php?rest_route=\/wp\/v2\/media\/251278"}],"wp:attachment":[{"href":"https:\/\/ucnoqta.az\/index.php?rest_route=%2Fwp%2Fv2%2Fmedia&parent=57362"}],"wp:term":[{"taxonomy":"category","embeddable":true,"href":"https:\/\/ucnoqta.az\/index.php?rest_route=%2Fwp%2Fv2%2Fcategories&post=57362"},{"taxonomy":"post_tag","embeddable":true,"href":"https:\/\/ucnoqta.az\/index.php?rest_route=%2Fwp%2Fv2%2Ftags&post=57362"}],"curies":[{"name":"wp","href":"https:\/\/api.w.org\/{rel}","templated":true}]}}