{"id":57358,"date":"2018-01-23T14:57:50","date_gmt":"2018-01-23T10:57:50","guid":{"rendered":""},"modified":"-0001-11-30T00:00:00","modified_gmt":"-0001-11-29T20:00:00","slug":"","status":"publish","type":"post","link":"https:\/\/ucnoqta.az\/?p=57358","title":{"rendered":"D\u0130N L\u0259nk\u0259randa 2 qad\u0131n\u0131n \u00f6ld\u00fcr\u00fclm\u0259si il\u0259 ba\u011fl\u0131 m\u0259lumat yay\u0131b"},"content":{"rendered":"<p><strong>Polis v\u0259 prokurorluq orqanlar\u0131 \u0259m\u0259kda\u015flar\u0131 t\u0259r\u0259find\u0259n pe\u015f\u0259karl\u0131qla h\u0259yata ke&ccedil;iril\u0259n t\u0259xir\u0259sal\u0131nmaz istintaq h\u0259r\u0259k\u0259tl\u0259ri v\u0259 \u0259m\u0259liyyat-axtar\u0131\u015f t\u0259dbirl\u0259ri n\u0259tic\u0259sind\u0259 L\u0259nk\u0259ran\u0131n Liman \u015f\u0259h\u0259rind\u0259 t&ouml;r\u0259dil\u0259n q\u0259tlin v\u0259 dig\u0259r a\u011f\u0131r cinay\u0259tl\u0259rin &uuml;st&uuml; q\u0131sa zamanda a&ccedil;\u0131l\u0131b.<\/strong><br \/>\n&nbsp;<\/p>\n<p>&quot;Ucnoqta.az&quot; Daxili \u0130\u015fl\u0259r Nazirliyind\u0259n (D\u0130N) Trend-\u0259 veril\u0259n m\u0259lumata istinad\u0259n bildirir ki, yanvar\u0131n 13-d\u0259 L\u0259nk\u0259ran rayonunun Liman \u015f\u0259h\u0259r sakinl\u0259ri, 69 ya\u015fl\u0131 Humay Qarayevan\u0131n v\u0259 q\u0131z\u0131, 48 ya\u015fl\u0131 S\u0259bir\u0259 M\u0259mm\u0259dovan\u0131n a\u011f\u0131r b\u0259d\u0259n x\u0259sar\u0259tl\u0259ri il\u0259 x\u0259st\u0259xanaya g\u0259tirilm\u0259l\u0259ri bar\u0259d\u0259 daxil olan m\u0259lumatla \u0259laq\u0259dar d\u0259rhal rayonun polis v\u0259 prokurorluq orqanlar\u0131n\u0131n \u0259m\u0259kda\u015flar\u0131 t\u0259r\u0259find\u0259n m&uuml;vafiq t\u0259dbirl\u0259r g&ouml;r&uuml;l&uuml;b.<br \/>\n&nbsp;<\/p>\n<p>H\u0259kiml\u0259rin s\u0259yin\u0259 baxmayaraq onlar\u0131n h\u0259yat\u0131n\u0131 xilas etm\u0259k m&uuml;mk&uuml;n olmay\u0131b, S.M\u0259mm\u0259dova h\u0259min g&uuml;n, Humay is\u0259 yanvar\u0131n 20-d\u0259 x\u0259st\u0259xanada &ouml;l&uuml;bl\u0259r.<br \/>\n&nbsp;<\/p>\n<p>Faktla \u0259laq\u0259dar Cinay\u0259t M\u0259c\u0259ll\u0259sinin 120-ci (q\u0259sd\u0259n adam &ouml;ld&uuml;rm\u0259) madd\u0259si il\u0259 cinay\u0259t i\u015fi ba\u015flan\u0131l\u0131b.<br \/>\n&nbsp;<\/p>\n<p>H\u0259yata ke&ccedil;iril\u0259n istintaq v\u0259 \u0259m\u0259liyyat-axtar\u0131\u015f t\u0259dbirl\u0259ri n\u0259tic\u0259sind\u0259 hadis\u0259nin yanvar\u0131n 12-d\u0259 itkin d&uuml;\u015fm&uuml;\u015f \u015f\u0259xs kimi axtar\u0131\u015fda olan Liman \u015f\u0259h\u0259r sakini, ruhi x\u0259st\u0259 F\u0259rrux Zeynalov t\u0259r\u0259find\u0259n t&ouml;r\u0259dilm\u0259sin\u0259 dair \u0259sasl\u0131 \u015f&uuml;bh\u0259l\u0259r yarand\u0131\u011f\u0131ndan, o, g&ouml;r&uuml;lm&uuml;\u015f t\u0259dbirl\u0259rl\u0259 saxlan\u0131laraq istintaqa c\u0259lb olunub.<br \/>\n&nbsp;<\/p>\n<p>Ara\u015fd\u0131rmalarla F.Zeynalovun yanvar\u0131n 14-d\u0259 h\u0259myerlil\u0259ri Heyb\u0259t Abdullayev\u0259 v\u0259 N\u0259c\u0259fqulu H\u0259s\u0259nova da h\u0259m k\u0259sici, h\u0259m d\u0259 k&uuml;t al\u0259tl\u0259 x\u0259sar\u0259tl\u0259r yetirm\u0259si m&uuml;\u0259yy\u0259n edilib.<br \/>\n&nbsp;<\/p>\n<p>Haz\u0131rda cinay\u0259t i\u015fi &uuml;zr\u0259 z\u0259ruri istintaq-\u0259m\u0259liyyat t\u0259dbirl\u0259ri davam etdirilir.<\/p>\n","protected":false},"excerpt":{"rendered":"<p>Polis v\u0259 prokurorluq orqanlar\u0131 \u0259m\u0259kda\u015flar\u0131 t\u0259r\u0259find\u0259n pe\u015f\u0259karl\u0131qla h\u0259yata ke&ccedil;iril\u0259n t\u0259xir\u0259sal\u0131nmaz istintaq h\u0259r\u0259k\u0259tl\u0259ri v\u0259 \u0259m\u0259liyyat-axtar\u0131\u015f t\u0259dbirl\u0259ri n\u0259tic\u0259sind\u0259 L\u0259nk\u0259ran\u0131n Liman \u015f\u0259h\u0259rind\u0259 t&ouml;r\u0259dil\u0259n q\u0259tlin v\u0259 dig\u0259r a\u011f\u0131r cinay\u0259tl\u0259rin &uuml;st&uuml; q\u0131sa zamanda a&ccedil;\u0131l\u0131b. &nbsp;&hellip;<\/p>\n","protected":false},"author":1,"featured_media":251278,"comment_status":"open","ping_status":"open","sticky":false,"template":"","format":"standard","meta":{"_lmt_disableupdate":"","_lmt_disable":"","footnotes":""},"categories":[],"tags":[],"class_list":["post-57358","post","type-post","status-publish","format-standard","has-post-thumbnail","hentry"],"_links":{"self":[{"href":"https:\/\/ucnoqta.az\/index.php?rest_route=\/wp\/v2\/posts\/57358","targetHints":{"allow":["GET"]}}],"collection":[{"href":"https:\/\/ucnoqta.az\/index.php?rest_route=\/wp\/v2\/posts"}],"about":[{"href":"https:\/\/ucnoqta.az\/index.php?rest_route=\/wp\/v2\/types\/post"}],"author":[{"embeddable":true,"href":"https:\/\/ucnoqta.az\/index.php?rest_route=\/wp\/v2\/users\/1"}],"replies":[{"embeddable":true,"href":"https:\/\/ucnoqta.az\/index.php?rest_route=%2Fwp%2Fv2%2Fcomments&post=57358"}],"version-history":[{"count":0,"href":"https:\/\/ucnoqta.az\/index.php?rest_route=\/wp\/v2\/posts\/57358\/revisions"}],"wp:featuredmedia":[{"embeddable":true,"href":"https:\/\/ucnoqta.az\/index.php?rest_route=\/wp\/v2\/media\/251278"}],"wp:attachment":[{"href":"https:\/\/ucnoqta.az\/index.php?rest_route=%2Fwp%2Fv2%2Fmedia&parent=57358"}],"wp:term":[{"taxonomy":"category","embeddable":true,"href":"https:\/\/ucnoqta.az\/index.php?rest_route=%2Fwp%2Fv2%2Fcategories&post=57358"},{"taxonomy":"post_tag","embeddable":true,"href":"https:\/\/ucnoqta.az\/index.php?rest_route=%2Fwp%2Fv2%2Ftags&post=57358"}],"curies":[{"name":"wp","href":"https:\/\/api.w.org\/{rel}","templated":true}]}}