{"id":57347,"date":"2018-01-23T13:39:03","date_gmt":"2018-01-23T09:39:03","guid":{"rendered":""},"modified":"-0001-11-30T00:00:00","modified_gmt":"-0001-11-29T20:00:00","slug":"","status":"publish","type":"post","link":"https:\/\/ucnoqta.az\/?p=57347","title":{"rendered":"C\u00fcdo\u00e7ular\u0131m\u0131z yeni qaydalarla tan\u0131\u015f oldular &#8211;<font color=red><b> Foto<\/b><\/font>"},"content":{"rendered":"<p><strong>Avstriyan\u0131n Mittersil \u015f\u0259h\u0259rind\u0259 Beyn\u0259lxalq C&uuml;do Federasiyas\u0131n\u0131n t\u0259\u015fkilat&ccedil;\u0131l\u0131\u011f\u0131 il\u0259 hakiml\u0259r v\u0259 m\u0259\u015fq&ccedil;il\u0259r &uuml;&ccedil;&uuml;n beyn\u0259lxalq seminar ke&ccedil;irilib.<\/strong><br \/>\n&nbsp;<\/p>\n<p>&quot;Ucnoqta.az&quot; &ldquo;Qafqazinfo&rdquo;ya istinad\u0259n &nbsp;x\u0259b\u0259r verir ki, bu toplant\u0131da i\u015ftirak etmi\u015f Az\u0259rbaycan C&uuml;do Federasiyas\u0131n\u0131n (ACF) Hakiml\u0259r Komit\u0259sinin s\u0259dri, beyn\u0259lxalq d\u0259r\u0259c\u0259li referi Fariz H&uuml;seynov v\u0259 Regionlarda c&uuml;donun inki\u015faf\u0131 sektorunun m&uuml;diri, m\u0259\u015fq&ccedil;i T\u0259rlan Poladov yeni qaydalarla c&uuml;do&ccedil;ular\u0131m\u0131z\u0131 m\u0259lumatland\u0131r\u0131blar.<br \/>\n&nbsp;<\/p>\n<p>ACF-in Bak\u0131 Olimpiya Stadionunda yerl\u0259\u015f\u0259n t\u0259lim-m\u0259\u015fq bazas\u0131nda h\u0259r iki m&uuml;t\u0259x\u0259ssis c&uuml;donun yeni qayda v\u0259 qanunlar\u0131n\u0131n t\u0259tbiqini \u0259yani \u015f\u0259kild\u0259 g&ouml;st\u0259ribl\u0259r. Q\u0259bul edilmi\u015f yeni qaydalar c&uuml;do&ccedil;ulara \u0259trafl\u0131 izah edilib.<\/p>\n","protected":false},"excerpt":{"rendered":"<p>Avstriyan\u0131n Mittersil \u015f\u0259h\u0259rind\u0259 Beyn\u0259lxalq C&uuml;do Federasiyas\u0131n\u0131n t\u0259\u015fkilat&ccedil;\u0131l\u0131\u011f\u0131 il\u0259 hakiml\u0259r v\u0259 m\u0259\u015fq&ccedil;il\u0259r &uuml;&ccedil;&uuml;n beyn\u0259lxalq seminar ke&ccedil;irilib. &nbsp; &quot;Ucnoqta.az&quot; &ldquo;Qafqazinfo&rdquo;ya istinad\u0259n &nbsp;x\u0259b\u0259r verir ki, bu toplant\u0131da i\u015ftirak etmi\u015f Az\u0259rbaycan C&uuml;do Federasiyas\u0131n\u0131n (ACF)&hellip;<\/p>\n","protected":false},"author":1,"featured_media":251278,"comment_status":"open","ping_status":"open","sticky":false,"template":"","format":"standard","meta":{"_lmt_disableupdate":"","_lmt_disable":"","footnotes":""},"categories":[90],"tags":[],"class_list":["post-57347","post","type-post","status-publish","format-standard","has-post-thumbnail","hentry","category-idman-butun-xeberler"],"_links":{"self":[{"href":"https:\/\/ucnoqta.az\/index.php?rest_route=\/wp\/v2\/posts\/57347","targetHints":{"allow":["GET"]}}],"collection":[{"href":"https:\/\/ucnoqta.az\/index.php?rest_route=\/wp\/v2\/posts"}],"about":[{"href":"https:\/\/ucnoqta.az\/index.php?rest_route=\/wp\/v2\/types\/post"}],"author":[{"embeddable":true,"href":"https:\/\/ucnoqta.az\/index.php?rest_route=\/wp\/v2\/users\/1"}],"replies":[{"embeddable":true,"href":"https:\/\/ucnoqta.az\/index.php?rest_route=%2Fwp%2Fv2%2Fcomments&post=57347"}],"version-history":[{"count":0,"href":"https:\/\/ucnoqta.az\/index.php?rest_route=\/wp\/v2\/posts\/57347\/revisions"}],"wp:featuredmedia":[{"embeddable":true,"href":"https:\/\/ucnoqta.az\/index.php?rest_route=\/wp\/v2\/media\/251278"}],"wp:attachment":[{"href":"https:\/\/ucnoqta.az\/index.php?rest_route=%2Fwp%2Fv2%2Fmedia&parent=57347"}],"wp:term":[{"taxonomy":"category","embeddable":true,"href":"https:\/\/ucnoqta.az\/index.php?rest_route=%2Fwp%2Fv2%2Fcategories&post=57347"},{"taxonomy":"post_tag","embeddable":true,"href":"https:\/\/ucnoqta.az\/index.php?rest_route=%2Fwp%2Fv2%2Ftags&post=57347"}],"curies":[{"name":"wp","href":"https:\/\/api.w.org\/{rel}","templated":true}]}}