{"id":57346,"date":"2018-01-23T23:45:39","date_gmt":"2018-01-23T19:45:39","guid":{"rendered":""},"modified":"-0001-11-30T00:00:00","modified_gmt":"-0001-11-29T20:00:00","slug":"","status":"publish","type":"post","link":"https:\/\/ucnoqta.az\/?p=57346","title":{"rendered":"BMT: \u00d6t\u0259n il 56 s\u00fclhm\u0259raml\u0131 h\u0259lak olub"},"content":{"rendered":"<p><strong>2017-ci ild\u0259 56 n\u0259f\u0259r BMT s&uuml;lhm\u0259raml\u0131s\u0131 zorak\u0131l\u0131\u011fa m\u0259ruz qalaraq &ouml;ld&uuml;r&uuml;l&uuml;b.<\/strong><br \/>\n&nbsp;<br \/>\n&quot;Ucnoqta.az&quot; APA-ya istinad\u0259n x\u0259b\u0259r verir ki, bu bar\u0259d\u0259 BMT ba\u015f katibi Antoniu Quterri\u015f t\u0259qdim etdiyi hesabatda qeyd edilib.<br \/>\n&nbsp;<br \/>\nHesabatda bildirilir ki, bu r\u0259q\u0259m son 24 ild\u0259 rekord g&ouml;st\u0259rici say\u0131l\u0131r.<br \/>\n&nbsp;<br \/>\nA. Quterri\u015f deyib ki, bu tendensiya artmaqda davam edir v\u0259 onun qar\u015f\u0131s\u0131n\u0131 almaq &uuml;&ccedil;&uuml;n add\u0131mlar atmaq laz\u0131md\u0131r.<br \/>\n&nbsp;<br \/>\nQeyd ed\u0259k ki, m&ouml;vcud art\u0131m tendensiyas\u0131n\u0131 d\u0259yi\u015fm\u0259k v\u0259 s&uuml;lhm\u0259raml\u0131lar aras\u0131nda &ouml;l&uuml;m hallar\u0131n\u0131n say\u0131n\u0131 azaltmaq &uuml;&ccedil;&uuml;n 2017-ci ilin noyabr ay\u0131nda t\u0259\u015fkil olunmu\u015f Komissiyan\u0131n n\u0259tic\u0259l\u0259ri ara\u015fd\u0131r\u0131l\u0131b v\u0259 BMT Katibliyi s&uuml;lhm\u0259raml\u0131lar\u0131n m&uuml;dafi\u0259 potensial\u0131n\u0131 art\u0131rmaq &uuml;&ccedil;&uuml;n bir s\u0131ra t\u0259klifl\u0259r haz\u0131rlay\u0131b. Plan\u0131n birinci m\u0259rh\u0259l\u0259si 2018-ci ilin sonuna q\u0259d\u0259r ba\u015fa &ccedil;atd\u0131r\u0131lacaq. Bildirilir ki, bura s&uuml;lhm\u0259raml\u0131lar\u0131n t\u0259lim metodlar\u0131n\u0131n, el\u0259c\u0259 d\u0259 m&uuml;harib\u0259 zonalar\u0131nda onlara tibbi yard\u0131m\u0131n g&ouml;st\u0259rilm\u0259si prosedurunun yenid\u0259n n\u0259z\u0259rd\u0259n ke&ccedil;irilm\u0259si daxildir.<\/p>\n","protected":false},"excerpt":{"rendered":"<p>2017-ci ild\u0259 56 n\u0259f\u0259r BMT s&uuml;lhm\u0259raml\u0131s\u0131 zorak\u0131l\u0131\u011fa m\u0259ruz qalaraq &ouml;ld&uuml;r&uuml;l&uuml;b. &nbsp; &quot;Ucnoqta.az&quot; APA-ya istinad\u0259n x\u0259b\u0259r verir ki, bu bar\u0259d\u0259 BMT ba\u015f katibi Antoniu Quterri\u015f t\u0259qdim etdiyi hesabatda qeyd edilib. &nbsp;&hellip;<\/p>\n","protected":false},"author":1,"featured_media":251278,"comment_status":"open","ping_status":"open","sticky":false,"template":"","format":"standard","meta":{"_lmt_disableupdate":"","_lmt_disable":"","footnotes":""},"categories":[89],"tags":[],"class_list":["post-57346","post","type-post","status-publish","format-standard","has-post-thumbnail","hentry","category-dunya-butun-xeberler"],"_links":{"self":[{"href":"https:\/\/ucnoqta.az\/index.php?rest_route=\/wp\/v2\/posts\/57346","targetHints":{"allow":["GET"]}}],"collection":[{"href":"https:\/\/ucnoqta.az\/index.php?rest_route=\/wp\/v2\/posts"}],"about":[{"href":"https:\/\/ucnoqta.az\/index.php?rest_route=\/wp\/v2\/types\/post"}],"author":[{"embeddable":true,"href":"https:\/\/ucnoqta.az\/index.php?rest_route=\/wp\/v2\/users\/1"}],"replies":[{"embeddable":true,"href":"https:\/\/ucnoqta.az\/index.php?rest_route=%2Fwp%2Fv2%2Fcomments&post=57346"}],"version-history":[{"count":0,"href":"https:\/\/ucnoqta.az\/index.php?rest_route=\/wp\/v2\/posts\/57346\/revisions"}],"wp:featuredmedia":[{"embeddable":true,"href":"https:\/\/ucnoqta.az\/index.php?rest_route=\/wp\/v2\/media\/251278"}],"wp:attachment":[{"href":"https:\/\/ucnoqta.az\/index.php?rest_route=%2Fwp%2Fv2%2Fmedia&parent=57346"}],"wp:term":[{"taxonomy":"category","embeddable":true,"href":"https:\/\/ucnoqta.az\/index.php?rest_route=%2Fwp%2Fv2%2Fcategories&post=57346"},{"taxonomy":"post_tag","embeddable":true,"href":"https:\/\/ucnoqta.az\/index.php?rest_route=%2Fwp%2Fv2%2Ftags&post=57346"}],"curies":[{"name":"wp","href":"https:\/\/api.w.org\/{rel}","templated":true}]}}