{"id":57336,"date":"2018-01-23T22:50:46","date_gmt":"2018-01-23T18:50:46","guid":{"rendered":""},"modified":"-0001-11-30T00:00:00","modified_gmt":"-0001-11-29T20:00:00","slug":"","status":"publish","type":"post","link":"https:\/\/ucnoqta.az\/?p=57336","title":{"rendered":"&#8220;Mayon&#8221; Filippind\u0259 40 min adam\u0131 evind\u0259n did\u0259rgin sald\u0131"},"content":{"rendered":"<p><strong>Filippind\u0259 Mayon vulkan\u0131n\u0131n p&uuml;sk&uuml;rm\u0259 t\u0259hl&uuml;k\u0259si il\u0259 \u0259laq\u0259dar h\u0259l\u0259 d\u0259 t\u0259xliy\u0259l\u0259r davam edir.<\/strong><\/p>\n<p>&quot;Ucnoqta.az&quot; Trend-\u0259 istinad\u0259n bildirir ki, vilay\u0259t qubernatoru Albay Alya Frensis Bi&ccedil;aru 40 min sakinin \u0259razil\u0259rd\u0259n t\u0259xliy\u0259 edilyini bildirib.<br \/>\n&nbsp;<\/p>\n<p>Qubernator el\u0259c\u0259 d\u0259 t\u0259hl&uuml;k\u0259 \u0259razisin\u0259 yax\u0131n t\u0259hsil m&uuml;\u0259ssis\u0259l\u0259rind\u0259 d\u0259rsl\u0259rin dayand\u0131r\u0131lmas\u0131, s\u0259hiyy\u0259, f&ouml;vq\u0259lad\u0259 xidm\u0259t v\u0259 h&uuml;quq-m&uuml;hafiz\u0259 orqanlar\u0131ndan ba\u015fqa b&uuml;t&uuml;n d&ouml;vl\u0259t strukturlar\u0131nda i\u015fin dayand\u0131r\u0131lmas\u0131 bar\u0259d\u0259 g&ouml;st\u0259ri\u015f verib.<br \/>\n&nbsp;<\/p>\n<p>Qeyd ed\u0259k ki, &ouml;t\u0259n e&uuml;c\u0259 vulkan\u0131n g&uuml;cl&uuml; p&uuml;sk&uuml;rm\u0259si n\u0259tic\u0259sind\u0259 k&uuml;l v\u0259 lava qat\u0131 600-700 metr h&uuml;nd&uuml;rl&uuml;y\u0259 sovrulub.<br \/>\n&nbsp;<\/p>\n<p>H&ouml;kum\u0259t evl\u0259rini t\u0259rk etmi\u015f sakinl\u0259ri h\u0259l\u0259 d\u0259 geri qay\u0131tmama\u011f &ccedil;a\u011f\u0131r\u0131b.<\/p>\n","protected":false},"excerpt":{"rendered":"<p>Filippind\u0259 Mayon vulkan\u0131n\u0131n p&uuml;sk&uuml;rm\u0259 t\u0259hl&uuml;k\u0259si il\u0259 \u0259laq\u0259dar h\u0259l\u0259 d\u0259 t\u0259xliy\u0259l\u0259r davam edir. &quot;Ucnoqta.az&quot; Trend-\u0259 istinad\u0259n bildirir ki, vilay\u0259t qubernatoru Albay Alya Frensis Bi&ccedil;aru 40 min sakinin \u0259razil\u0259rd\u0259n t\u0259xliy\u0259 edilyini bildirib.&hellip;<\/p>\n","protected":false},"author":1,"featured_media":251278,"comment_status":"open","ping_status":"open","sticky":false,"template":"","format":"standard","meta":{"_lmt_disableupdate":"","_lmt_disable":"","footnotes":""},"categories":[89],"tags":[],"class_list":["post-57336","post","type-post","status-publish","format-standard","has-post-thumbnail","hentry","category-dunya-butun-xeberler"],"_links":{"self":[{"href":"https:\/\/ucnoqta.az\/index.php?rest_route=\/wp\/v2\/posts\/57336","targetHints":{"allow":["GET"]}}],"collection":[{"href":"https:\/\/ucnoqta.az\/index.php?rest_route=\/wp\/v2\/posts"}],"about":[{"href":"https:\/\/ucnoqta.az\/index.php?rest_route=\/wp\/v2\/types\/post"}],"author":[{"embeddable":true,"href":"https:\/\/ucnoqta.az\/index.php?rest_route=\/wp\/v2\/users\/1"}],"replies":[{"embeddable":true,"href":"https:\/\/ucnoqta.az\/index.php?rest_route=%2Fwp%2Fv2%2Fcomments&post=57336"}],"version-history":[{"count":0,"href":"https:\/\/ucnoqta.az\/index.php?rest_route=\/wp\/v2\/posts\/57336\/revisions"}],"wp:featuredmedia":[{"embeddable":true,"href":"https:\/\/ucnoqta.az\/index.php?rest_route=\/wp\/v2\/media\/251278"}],"wp:attachment":[{"href":"https:\/\/ucnoqta.az\/index.php?rest_route=%2Fwp%2Fv2%2Fmedia&parent=57336"}],"wp:term":[{"taxonomy":"category","embeddable":true,"href":"https:\/\/ucnoqta.az\/index.php?rest_route=%2Fwp%2Fv2%2Fcategories&post=57336"},{"taxonomy":"post_tag","embeddable":true,"href":"https:\/\/ucnoqta.az\/index.php?rest_route=%2Fwp%2Fv2%2Ftags&post=57336"}],"curies":[{"name":"wp","href":"https:\/\/api.w.org\/{rel}","templated":true}]}}