{"id":57314,"date":"2018-01-23T20:20:30","date_gmt":"2018-01-23T16:20:30","guid":{"rendered":""},"modified":"-0001-11-30T00:00:00","modified_gmt":"-0001-11-29T20:00:00","slug":"","status":"publish","type":"post","link":"https:\/\/ucnoqta.az\/?p=57314","title":{"rendered":"Az\u0259rbaycanda da T\u0259nhal\u0131q Nazirliyi yarad\u0131la bil\u0259r? \u2014 <font color=red><b>A\u00e7\u0131qlama<\/b><\/font>"},"content":{"rendered":"<p><strong>D&uuml;nyada getdikc\u0259 bir &ccedil;ox &ouml;lk\u0259l\u0259rd\u0259 t\u0259nhala\u015fma meyill\u0259ri art\u0131r. Y\u0259ni \u0259n\u0259n\u0259vi ail\u0259 institutu da\u011f\u0131l\u0131b, ail\u0259l\u0259rd\u0259 ad\u0259t\u0259n bir v\u0259 ya iki u\u015faq do\u011fulur, onlar da b&ouml;y&uuml;d&uuml;kd\u0259n sonra ail\u0259d\u0259n ayr\u0131 ya\u015fama\u011fa &uuml;st&uuml;nl&uuml;k verirl\u0259r.<\/strong><\/p>\n<p>&quot;Ucnoqta.az&quot; x\u0259b\u0259r verir ki, bunu Trend-\u0259 Milli M\u0259clisin deputat\u0131 Musa Quliyev B&ouml;y&uuml;t Britaniyada T\u0259nhal\u0131q Nazirliyinin yarad\u0131lmas\u0131na m&uuml;nasib\u0259t bildir\u0259rk\u0259n deyib.<br \/>\n&nbsp;<\/p>\n<p>M.Quliyev bildirib ki, insanlar ah\u0131l ya\u015flar\u0131nda t\u0259k qal\u0131rlar: &quot;Ad\u0259t\u0259n ki\u015fil\u0259r bir az tez d&uuml;nyas\u0131n\u0131 d\u0259yi\u015fir, qad\u0131nlar is\u0259 ah\u0131l ya\u015flarda t\u0259k qal\u0131rlar, b\u0259z\u0259n is\u0259 ki\u015fil\u0259r d\u0259 t\u0259k qal\u0131r: &quot;H\u0259r d&ouml;vl\u0259td\u0259 bu \u015f\u0259xsl\u0259r\u0259 xidm\u0259t g&ouml;st\u0259rm\u0259k &uuml;&ccedil;&uuml;n m&uuml;vafiq qurumlar var&quot;.<br \/>\n&nbsp;<\/p>\n<p>Deputat bildirib ki, Az\u0259rbaycanda bu i\u015f \u018fm\u0259k v\u0259 \u018fhalinin Sosial M&uuml;dafi\u0259si Nazirliyi t\u0259r\u0259find\u0259n h\u0259yata ke&ccedil;irilir, ah\u0131llara xidm\u0259t g&ouml;st\u0259rm\u0259k &uuml;&ccedil;&uuml;n qanun var, t\u0259nha insanlar &uuml;&ccedil;&uuml;n s\u0131\u011f\u0131nacaqlar, qocalar evl\u0259ri f\u0259aliyy\u0259t g&ouml;st\u0259rir: &quot;Az\u0259rbaycanda bununla ba\u011fl\u0131 yeni nazirliyin, komit\u0259nin v\u0259 ya ba\u015fqa bir qurumun yarad\u0131lmas\u0131na ehtiyac yoxdur. \u018fn \u0259sas\u0131 ona g&ouml;r\u0259 ki, &ouml;lk\u0259d\u0259 ail\u0259 institutu \u0259n\u0259n\u0259l\u0259ri qalmaqdad\u0131r&quot;.<br \/>\n&nbsp;<\/p>\n<p>Az\u0259rbaycanda bu v\u0259ziyy\u0259ti a&ccedil;\u0131lamaq &uuml;&ccedil;&uuml;n qeyd ed\u0259k ki, &ouml;t\u0259n il evl\u0259rind\u0259 t\u0259k ya\u015fayan v\u0259 ya\u015fad\u0131qlar\u0131 rayonda (\u015f\u0259h\u0259rd\u0259) qanunla onlar\u0131 saxlama\u011fa borclu &ouml;vladlar\u0131, yaxud valideynl\u0259ri olmayan t\u0259nha ah\u0131l v\u0259 \u0259lil v\u0259t\u0259nda\u015flardan ibar\u0259t 11 min n\u0259f\u0259r D&ouml;vl\u0259t Sosial M&uuml;dafi\u0259 Fondunun aidiyy\u0259ti rayon (\u015f\u0259h\u0259r) \u015f&ouml;b\u0259l\u0259rinin sosial i\u015f&ccedil;il\u0259ri t\u0259r\u0259find\u0259n s\u0259yyar formada sosial-m\u0259i\u015f\u0259t xidm\u0259tl\u0259ri il\u0259 t\u0259min olunublar. Onlardan 8 700 n\u0259f\u0259rini ya\u015f\u0131 70-d\u0259n yuxar\u0131 olan t\u0259nha ah\u0131l insanlar, qalanlar\u0131n\u0131 is\u0259 \u0259lilliyi olan \u015f\u0259xsl\u0259r t\u0259\u015fkil edib. Sosial i\u015f&ccedil;il\u0259r qanunvericilikd\u0259 n\u0259z\u0259rd\u0259 tutulmu\u015f qaydada t\u0259nha ah\u0131l v\u0259 \u0259lil \u015f\u0259xsl\u0259rin evl\u0259rind\u0259 olaraq onlara t\u0259mizlik i\u015fl\u0259rinin apar\u0131lmas\u0131nda, z\u0259ruri \u0259rzaq, s\u0259naye v\u0259 m\u0259i\u015f\u0259t \u0259\u015fyalar\u0131n\u0131n al\u0131nmas\u0131 v\u0259 s. i\u015fl\u0259rd\u0259 k&ouml;m\u0259klik g&ouml;st\u0259ribl\u0259r.<br \/>\n&nbsp;<\/p>\n<p>Qeyd ed\u0259k ki, &ouml;t\u0259n h\u0259ft\u0259 B&ouml;y&uuml;k Britaniyan\u0131n Ba\u015f naziri Tereza Mey &ouml;lk\u0259nin idman v\u0259 ictimaiyy\u0259t naziri Treysi Krau&ccedil;u yeni yarad\u0131lm\u0131\u015f T\u0259nhal\u0131q m\u0259s\u0259l\u0259l\u0259ri &uuml;zr\u0259 Nazirliyin r\u0259hb\u0259ri t\u0259yin edib.<br \/>\n&nbsp;<\/p>\n<p>T.Mey yeni nazirliyin bir ne&ccedil;\u0259 il &ouml;nc\u0259 q\u0259tl\u0259 yetirilmi\u015f deputat Co Koksun f\u0259aliyy\u0259ti \u0259sas\u0131nda yarad\u0131ld\u0131\u011f\u0131n\u0131 bildirib.<br \/>\n&nbsp;<\/p>\n<p>M\u0259lumat &uuml;&ccedil;&uuml;n bildir\u0259k ki, C.Koks B&ouml;y&uuml;k Britaniya Parlamentind\u0259 t\u0259nhal\u0131q m\u0259s\u0259l\u0259l\u0259ri &uuml;zr\u0259 komissiyaya r\u0259hb\u0259rlik edib v\u0259 &ouml;z&uuml;n&uuml; t\u0259nha hiss ed\u0259n v\u0259t\u0259nda\u015flara yard\u0131m &uuml;&ccedil;&uuml;n orqan\u0131n yarad\u0131lmas\u0131na &ccedil;al\u0131\u015f\u0131b.<br \/>\n&nbsp;<\/p>\n<p>H\u0259l\u0259lik T\u0259nhal\u0131q Nazirliyinin konkret olaraq hans\u0131 f\u0259aliyy\u0259tl\u0259 m\u0259\u015f\u011ful olaca\u011f\u0131 bar\u0259d\u0259 m\u0259lumat verilm\u0259yib.<\/p>\n","protected":false},"excerpt":{"rendered":"<p>D&uuml;nyada getdikc\u0259 bir &ccedil;ox &ouml;lk\u0259l\u0259rd\u0259 t\u0259nhala\u015fma meyill\u0259ri art\u0131r. Y\u0259ni \u0259n\u0259n\u0259vi ail\u0259 institutu da\u011f\u0131l\u0131b, ail\u0259l\u0259rd\u0259 ad\u0259t\u0259n bir v\u0259 ya iki u\u015faq do\u011fulur, onlar da b&ouml;y&uuml;d&uuml;kd\u0259n sonra ail\u0259d\u0259n ayr\u0131 ya\u015fama\u011fa &uuml;st&uuml;nl&uuml;k verirl\u0259r.&hellip;<\/p>\n","protected":false},"author":1,"featured_media":251278,"comment_status":"open","ping_status":"open","sticky":false,"template":"","format":"standard","meta":{"_lmt_disableupdate":"","_lmt_disable":"","footnotes":""},"categories":[],"tags":[],"class_list":["post-57314","post","type-post","status-publish","format-standard","has-post-thumbnail","hentry"],"_links":{"self":[{"href":"https:\/\/ucnoqta.az\/index.php?rest_route=\/wp\/v2\/posts\/57314","targetHints":{"allow":["GET"]}}],"collection":[{"href":"https:\/\/ucnoqta.az\/index.php?rest_route=\/wp\/v2\/posts"}],"about":[{"href":"https:\/\/ucnoqta.az\/index.php?rest_route=\/wp\/v2\/types\/post"}],"author":[{"embeddable":true,"href":"https:\/\/ucnoqta.az\/index.php?rest_route=\/wp\/v2\/users\/1"}],"replies":[{"embeddable":true,"href":"https:\/\/ucnoqta.az\/index.php?rest_route=%2Fwp%2Fv2%2Fcomments&post=57314"}],"version-history":[{"count":0,"href":"https:\/\/ucnoqta.az\/index.php?rest_route=\/wp\/v2\/posts\/57314\/revisions"}],"wp:featuredmedia":[{"embeddable":true,"href":"https:\/\/ucnoqta.az\/index.php?rest_route=\/wp\/v2\/media\/251278"}],"wp:attachment":[{"href":"https:\/\/ucnoqta.az\/index.php?rest_route=%2Fwp%2Fv2%2Fmedia&parent=57314"}],"wp:term":[{"taxonomy":"category","embeddable":true,"href":"https:\/\/ucnoqta.az\/index.php?rest_route=%2Fwp%2Fv2%2Fcategories&post=57314"},{"taxonomy":"post_tag","embeddable":true,"href":"https:\/\/ucnoqta.az\/index.php?rest_route=%2Fwp%2Fv2%2Ftags&post=57314"}],"curies":[{"name":"wp","href":"https:\/\/api.w.org\/{rel}","templated":true}]}}