{"id":56471,"date":"2018-01-10T11:24:26","date_gmt":"2018-01-10T07:24:26","guid":{"rendered":""},"modified":"-0001-11-30T00:00:00","modified_gmt":"-0001-11-29T20:00:00","slug":"","status":"publish","type":"post","link":"https:\/\/ucnoqta.az\/?p=56471","title":{"rendered":"Partiya s\u0259drinin m\u0259hk\u0259m\u0259si ba\u015flad\u0131"},"content":{"rendered":"<p><strong>Bak\u0131 A\u011f\u0131r Cinay\u0259tl\u0259r M\u0259hk\u0259m\u0259sind\u0259 qeydiyyats\u0131z f\u0259aliyy\u0259t g&ouml;st\u0259r\u0259n Vahid Kommunist Partiyas\u0131n\u0131n s\u0259dri Musa Tukanovun m\u0259hk\u0259m\u0259si ba\u015flay\u0131b.<\/strong><\/p>\n<p>&nbsp;<\/p>\n<p>&quot;Ucnoqta.az&quot; &ldquo;Qafqazinfo&rdquo;ya istinad\u0259n bildirir ki, hakim Samir \u018fliyevin icraat\u0131nda olan prosesd\u0259 haz\u0131rl\u0131q iclas\u0131 ke&ccedil;irilib.<\/p>\n<p>&nbsp;<\/p>\n<p>T\u0259qsirl\u0259ndiril\u0259n \u015f\u0259xsin anket m\u0259lumatlar\u0131 d\u0259qiql\u0259\u015fdirilib. Onun v\u0259kili v\u0259sat\u0259t ver\u0259r\u0259k bildirib ki, Qaraba\u011f m&uuml;harib\u0259si veteran\u0131 olan Tukanov \u015f\u0259k\u0259r x\u0259st\u0259sidir, o\u011flu \u0259lildir v\u0259 s\u0259b\u0259bd\u0259n ev dustaql\u0131\u011f\u0131na burax\u0131lmas\u0131n\u0131 ist\u0259yib. M\u0259hk\u0259m\u0259 v\u0259sat\u0259ti t\u0259min etm\u0259yib.<\/p>\n<p>&nbsp;<\/p>\n<p>Cinay\u0259t i\u015fi m\u0259hk\u0259m\u0259 bax\u0131\u015f\u0131na q\u0259bul edilib. Proses yanvar\u0131n 17-d\u0259 davam etdiril\u0259c\u0259k.<\/p>\n<p>&nbsp;<\/p>\n<p>M.Tukanov r&uuml;\u015fv\u0259t almaq v\u0259 v\u0259zif\u0259 s\u0259lahiyy\u0259tl\u0259rini a\u015fmaqda ittiham edilir. O, h\u0259m d\u0259 &quot;Az\u0259rbaycan Karlar C\u0259miyy\u0259ti&quot;nin s\u0259dr m&uuml;avini olub. Haz\u0131rda h\u0259bsd\u0259dir.<\/p>\n","protected":false},"excerpt":{"rendered":"<p>Bak\u0131 A\u011f\u0131r Cinay\u0259tl\u0259r M\u0259hk\u0259m\u0259sind\u0259 qeydiyyats\u0131z f\u0259aliyy\u0259t g&ouml;st\u0259r\u0259n Vahid Kommunist Partiyas\u0131n\u0131n s\u0259dri Musa Tukanovun m\u0259hk\u0259m\u0259si ba\u015flay\u0131b. &nbsp; &quot;Ucnoqta.az&quot; &ldquo;Qafqazinfo&rdquo;ya istinad\u0259n bildirir ki, hakim Samir \u018fliyevin icraat\u0131nda olan prosesd\u0259 haz\u0131rl\u0131q iclas\u0131 ke&ccedil;irilib.&hellip;<\/p>\n","protected":false},"author":1,"featured_media":251278,"comment_status":"open","ping_status":"open","sticky":false,"template":"","format":"standard","meta":{"_lmt_disableupdate":"","_lmt_disable":"","footnotes":""},"categories":[],"tags":[],"class_list":["post-56471","post","type-post","status-publish","format-standard","has-post-thumbnail","hentry"],"_links":{"self":[{"href":"https:\/\/ucnoqta.az\/index.php?rest_route=\/wp\/v2\/posts\/56471","targetHints":{"allow":["GET"]}}],"collection":[{"href":"https:\/\/ucnoqta.az\/index.php?rest_route=\/wp\/v2\/posts"}],"about":[{"href":"https:\/\/ucnoqta.az\/index.php?rest_route=\/wp\/v2\/types\/post"}],"author":[{"embeddable":true,"href":"https:\/\/ucnoqta.az\/index.php?rest_route=\/wp\/v2\/users\/1"}],"replies":[{"embeddable":true,"href":"https:\/\/ucnoqta.az\/index.php?rest_route=%2Fwp%2Fv2%2Fcomments&post=56471"}],"version-history":[{"count":0,"href":"https:\/\/ucnoqta.az\/index.php?rest_route=\/wp\/v2\/posts\/56471\/revisions"}],"wp:featuredmedia":[{"embeddable":true,"href":"https:\/\/ucnoqta.az\/index.php?rest_route=\/wp\/v2\/media\/251278"}],"wp:attachment":[{"href":"https:\/\/ucnoqta.az\/index.php?rest_route=%2Fwp%2Fv2%2Fmedia&parent=56471"}],"wp:term":[{"taxonomy":"category","embeddable":true,"href":"https:\/\/ucnoqta.az\/index.php?rest_route=%2Fwp%2Fv2%2Fcategories&post=56471"},{"taxonomy":"post_tag","embeddable":true,"href":"https:\/\/ucnoqta.az\/index.php?rest_route=%2Fwp%2Fv2%2Ftags&post=56471"}],"curies":[{"name":"wp","href":"https:\/\/api.w.org\/{rel}","templated":true}]}}