{"id":56467,"date":"2018-01-10T11:12:08","date_gmt":"2018-01-10T07:12:08","guid":{"rendered":""},"modified":"-0001-11-30T00:00:00","modified_gmt":"-0001-11-29T20:00:00","slug":"","status":"publish","type":"post","link":"https:\/\/ucnoqta.az\/?p=56467","title":{"rendered":"Nazirin \u0130\u015fd\u0259n \u00e7\u0131xard\u0131\u011f\u0131 vergi i\u015f\u00e7il\u0259ri aras\u0131nda nazirin, general\u0131n, s\u0259firin v\u0259 icra ba\u015f\u00e7\u0131s\u0131n\u0131n qohumlar\u0131 da var \u2014<font color=red><b>\u015eOK TAM S\u0130YAHI<\/b><\/font>"},"content":{"rendered":"<p><strong>&ldquo;Ucnoqta.az&rdquo;<\/strong><strong>x\u0259b\u0259r verir ki<\/strong><strong>, <\/strong><strong>&ldquo;&Ouml;lk\u0259.Az&rdquo;<\/strong>\u0131n m&ouml;t\u0259b\u0259r m\u0259nb\u0259d\u0259n \u0259ld\u0259 etdiyi m\u0259lumata g&ouml;r\u0259, s&ouml;z&uuml;ged\u0259n \u015f\u0259xsl\u0259r ke&ccedil;mi\u015f vergil\u0259r naziri Fazil M\u0259mm\u0259dovun d&ouml;vr&uuml;nd\u0259 vergi &ouml;d\u0259yicil\u0259rin\u0259 divan tutma\u011f\u0131 il\u0259 tan\u0131n\u0131r.&nbsp;<\/p>\n<p>Vergi &ouml;d\u0259yicil\u0259rinin \u0259n &ccedil;ox \u015fikay\u0259tl\u0259ndiyi bu \u015f\u0259xsl\u0259rd\u0259n h\u0259l\u0259 d\u0259 v\u0259zif\u0259d\u0259 qalan\u0131 var. Y\u0259qin ki, yax\u0131n g&uuml;nl\u0259rd\u0259 onlar da tutduqlar\u0131 v\u0259zif\u0259d\u0259n azad olunacaqlar.&nbsp;<\/p>\n<p><strong><u>V\u0259zif\u0259d\u0259n azad edil\u0259n 64 n\u0259f\u0259rin tam siyah\u0131s\u0131n\u0131 t\u0259qdim edirik:<\/u><\/strong><\/p>\n<p>&nbsp;<\/p>\n<p><strong>1) \u018ff\u0259ndiyev Rahim Veys o\u011flu<\/strong>&nbsp;&#8211; Nazirin m&uuml;\u015faviri,&nbsp;<\/p>\n<p><strong>2) Seyfullayev Q&uuml;dr\u0259t V\u0259kil o\u011flu<\/strong>&nbsp;&nbsp; &nbsp;&#8211; Nazirin m&uuml;\u015faviri,&nbsp;<\/p>\n<p><strong>3) M\u0259mm\u0259dov \u018fflatun M\u0259sim o\u011flu<\/strong>&nbsp;&#8211; Nazirin m&uuml;\u015faviri,&nbsp;<\/p>\n<p><strong>4) \u018fhm\u0259dov \u0130lqar \u0130smay\u0131l o\u011flu<\/strong>&nbsp;&#8211; Nazirin m&uuml;\u015faviri &ndash; \u018flaq\u0259l\u0259ndirm\u0259 v\u0259 idar\u0259etm\u0259 departamentinin ba\u015f direktoru,<\/p>\n<p><strong>5) Abdullayev Natiq Faiq o\u011flu&nbsp;<\/strong>&#8211; Aparat r\u0259hb\u0259rinin m&uuml;avini,<\/p>\n<p><strong>6) Balaqada\u015fov M\u0259h\u0259mm\u0259d M&uuml;sl&uuml;m o\u011flu<\/strong>&nbsp;&#8211; Maliyy\u0259 v\u0259 t\u0259minat departamentinin ba\u015f direktorunun m&uuml;avini,<\/p>\n<p><strong>7) R\u0259sul-\u018fsl \u018fhm\u0259da\u011fa Qafur o\u011flu<\/strong>&nbsp;&#8211; Vergi &ouml;d\u0259yicil\u0259rin\u0259 xidm\u0259t v\u0259 \u015f\u0259ffaf vergi partnyorlu\u011fu departamentinin ba\u015f direktorunun m&uuml;avini,<\/p>\n<p><strong>8) C\u0259f\u0259rov N\u0259simi \u018fsg\u0259r o\u011flu<\/strong>&nbsp;&#8211; \u018flaq\u0259l\u0259ndirm\u0259 v\u0259 idar\u0259etm\u0259 departamentinin ba\u015f direktorunun m&uuml;avini,&nbsp;<\/p>\n<p><strong>9) Abas\u0259liyev \u0130lham Ya\u015far o\u011flu<\/strong>&nbsp;&#8211; \u018frazi vergi orqanlar\u0131 il\u0259 i\u015f departamentinin ba\u015f direktorunun m&uuml;avini,<\/p>\n<p><strong>10) Miriyev Famil Fail o\u011flu<\/strong>&nbsp;&#8211; \u018flaq\u0259l\u0259ndirm\u0259 v\u0259 idar\u0259etm\u0259 departamentinin \u018flaq\u0259l\u0259ndirm\u0259 v\u0259 idar\u0259etm\u0259 idar\u0259sinin direktoru, Vergil\u0259r Nazirliyi yan\u0131nda Milli G\u0259lirl\u0259r Departamenti,<br \/>\n&nbsp;&nbsp; &nbsp;&nbsp;&nbsp; &nbsp;<br \/>\n<strong>11) Axundov Akif S\u0259adi o\u011flu<\/strong>&nbsp;&#8211; Departamentin ba\u015f direktorunun m&uuml;avini,<br \/>\n&nbsp;<br \/>\n<strong>12)&nbsp;&nbsp; &nbsp;Verdiyev M&uuml;bariz H&uuml;seyn o\u011fl<\/strong>u &#8211; Departamentin \u0130qtisadi t\u0259hlil idar\u0259sinin 1-ci \u015f&ouml;b\u0259sinin r\u0259hb\u0259ri,<\/p>\n<p><strong>13) Bayraml\u0131 F\u0259rid Mahmud o\u011flu<\/strong>&nbsp; &#8211; Departamentin \u0130ri vergi &ouml;d\u0259yicil\u0259ri il\u0259 i\u015f idar\u0259sinin Vergi &ouml;hd\u0259likl\u0259rinin icras\u0131na n\u0259zar\u0259t \u015f&ouml;b\u0259sinin 1-ci b&ouml;lm\u0259sinin b&ouml;y&uuml;k d&ouml;vl\u0259t vergi m&uuml;f\u0259tti\u015fi, Vergil\u0259r Nazirliyi yan\u0131nda Bak\u0131 \u015f\u0259h\u0259ri Lokal G\u0259lirl\u0259r Departamenti&nbsp;&nbsp; &nbsp;<br \/>\n&nbsp;&nbsp; &nbsp;<br \/>\n<strong>14) Qurbanov Raqif Qurban o\u011flu<\/strong>&nbsp;&#8211; Departamentin ba\u015f direktorunun birinci m&uuml;avini,<\/p>\n<p><strong>15) S&uuml;leymanov Rasim Ramiz o\u011flu<\/strong>&nbsp;&#8211; Departamentin ba\u015f direktorunun m&uuml;avini,&nbsp;<\/p>\n<p><strong>16) Rzayev V&uuml;qar Vaqif o\u011flu<\/strong>&nbsp;&#8211; Departamentin ba\u015f direktorunun m&uuml;avini,&nbsp;<\/p>\n<p><strong>17) M\u0259mm\u0259dzad\u0259 Nicat Tahir o\u011flu<\/strong>&nbsp;&#8211; Departamentin Apellyasiya \u0130dar\u0259sinin 2-ci \u015f&ouml;b\u0259sinin b&ouml;y&uuml;k d&ouml;vl\u0259t vergi m&uuml;f\u0259tti\u015fi,<\/p>\n<p><strong>18) Hac\u0131yev Tural X\u0259lil o\u011flu<\/strong>&nbsp;&#8211; Departamentin B\u0259yannam\u0259l\u0259r \u0130dar\u0259sinin 4-c&uuml; \u015f&ouml;b\u0259sinin r\u0259hb\u0259ri,<\/p>\n<p><strong>19) H&uuml;seynov Az\u0259r \u018fsk\u0259r o\u011flu<\/strong>&nbsp;&#8211; Departamentin Dig\u0259r xidm\u0259t f\u0259aliyy\u0259ti il\u0259 m\u0259\u015f\u011ful olan vergi &ouml;d\u0259yicil\u0259ri il\u0259 i\u015f idar\u0259sinin direktorunun m&uuml;avini,&nbsp;<\/p>\n<p><strong>20) \u018ff\u0259ndiyev Mahmud Seyf\u0259ddin o\u011flu<\/strong>&nbsp;&#8211; Departamentin Dig\u0259r xidm\u0259t f\u0259aliyy\u0259ti il\u0259 m\u0259\u015f\u011ful olan vergi &ouml;d\u0259yicil\u0259ri il\u0259 i\u015f idar\u0259sinin direktorunun m&uuml;avini,&nbsp;<\/p>\n<p><strong>21) B\u0259d\u0259lov Eldar M&uuml;lk&uuml;m o\u011flu<\/strong>&nbsp;&#8211; Departamentin Maliyy\u0259, s\u0131\u011forta v\u0259 xidm\u0259t f\u0259aliyy\u0259ti il\u0259 m\u0259\u015f\u011ful olan vergi &ouml;d\u0259yicil\u0259ri il\u0259 i\u015f idar\u0259sinin direktorunun m&uuml;avini,&nbsp;<\/p>\n<p><strong>22) M\u0259mm\u0259dov Namiq \u0130bi\u015f o\u011flu<\/strong>&nbsp;&#8211; Departamentin Maliyy\u0259, s\u0131\u011forta v\u0259 xidm\u0259t f\u0259aliyy\u0259ti il\u0259 m\u0259\u015f\u011ful olan vergi &ouml;d\u0259yicil\u0259ri il\u0259 i\u015f idar\u0259sinin direktorunun m&uuml;avini,<\/p>\n<p><strong>23) Qas\u0131mov \u018fb&uuml;lf\u0259s Natiq o\u011flu<\/strong>&nbsp;&#8211; Departamentin Maliyy\u0259, s\u0131\u011forta v\u0259 xidm\u0259t f\u0259aliyy\u0259ti il\u0259 m\u0259\u015f\u011ful olan vergi &ouml;d\u0259yicil\u0259ri il\u0259 i\u015f idar\u0259sinin Vergi &ouml;hd\u0259liyinin icras\u0131na n\u0259zar\u0259t \u015f&ouml;b\u0259sinin 2-ci b&ouml;lm\u0259sinin r\u0259hb\u0259ri,<\/p>\n<p><strong>24) Rzayev H&uuml;n\u0259r Ya\u015far o\u011flu<\/strong>&nbsp;&#8211; Departamentin Maliyy\u0259, s\u0131\u011forta v\u0259 xidm\u0259t f\u0259aliyy\u0259ti il\u0259 m\u0259\u015f\u011ful olan vergi &ouml;d\u0259yicil\u0259ri il\u0259 i\u015f idar\u0259sinin Vergi &ouml;hd\u0259liyinin icras\u0131na n\u0259zar\u0259t \u015f&ouml;b\u0259sinin 2-ci b&ouml;lm\u0259sinin d&ouml;vl\u0259t vergi m&uuml;f\u0259tti\u015fi,&nbsp;<\/p>\n<p><strong>25) \u018fmiraslanov M&uuml;bariz R\u0259hman o\u011flu<\/strong>&nbsp;&#8211; Departamentin Ticar\u0259t f\u0259aliyy\u0259ti il\u0259 m\u0259\u015f\u011ful olan vergi &ouml;d\u0259yicil\u0259ri il\u0259 i\u015f idar\u0259sinin direktorunun m&uuml;avini,&nbsp;<\/p>\n<p><strong>26) Tarquliyev Qabil C\u0259f\u0259r o\u011flu<\/strong>&nbsp;&#8211; Departamentin Ticar\u0259t f\u0259aliyy\u0259ti il\u0259 m\u0259\u015f\u011ful olan vergi &ouml;d\u0259yicil\u0259ri il\u0259 i\u015f idar\u0259sinin direktorunun m&uuml;avini,&nbsp;<\/p>\n<p><strong>27) Quliyev Ceyhun Fir\u0259ddin o\u011flu<\/strong>&nbsp;&#8211; Departamentin Ticar\u0259t f\u0259aliyy\u0259ti il\u0259 m\u0259\u015f\u011ful olan vergi &ouml;d\u0259yicil\u0259ri il\u0259 i\u015f idar\u0259sinin direktorunun m&uuml;avini,&nbsp;<\/p>\n<p><strong>28) C\u0259f\u0259rov Nail \u0130slam o\u011flu<\/strong>&nbsp;&#8211; Departamentin Ticar\u0259t f\u0259aliyy\u0259ti il\u0259 m\u0259\u015f\u011ful olan vergi &ouml;d\u0259yicil\u0259ri il\u0259 i\u015f idar\u0259sinin Vergi qanunvericiliyinin icras\u0131na n\u0259zar\u0259t \u015f&ouml;b\u0259sinin r\u0259hb\u0259ri,&nbsp;<\/p>\n<p><strong>29) Quliyev Murad Yav\u0259r o\u011flu<\/strong>&nbsp;&#8211; Departamentin Ticar\u0259t f\u0259aliyy\u0259ti il\u0259 m\u0259\u015f\u011ful olan vergi &ouml;d\u0259yicil\u0259ri il\u0259 i\u015f idar\u0259sinin Vergi qanunvericiliyinin icras\u0131na n\u0259zar\u0259t \u015f&ouml;b\u0259sinin r\u0259hb\u0259rinin m&uuml;avini,<\/p>\n<p><strong>30) \u018fs\u0259dov B\u0259hram Rafiq o\u011flu<\/strong>&nbsp;&#8211; Departamentin Ticar\u0259t f\u0259aliyy\u0259ti il\u0259 m\u0259\u015f\u011ful olan vergi &ouml;d\u0259yicil\u0259ri il\u0259 i\u015f idar\u0259sinin Vergi qanunvericiliyinin icras\u0131na n\u0259zar\u0259t \u015f&ouml;b\u0259sinin r\u0259hb\u0259rinin m&uuml;avini,<\/p>\n<p><strong>31) Muradov \u0130lqar Heyd\u0259r o\u011flu<\/strong>&nbsp;&#8211; Departamentin Ticar\u0259t f\u0259aliyy\u0259ti il\u0259 m\u0259\u015f\u011ful olan vergi &ouml;d\u0259yicil\u0259ri il\u0259 i\u015f idar\u0259sinin Vergi qanunvericiliyinin icras\u0131na n\u0259zar\u0259t \u015f&ouml;b\u0259sinin ba\u015f d&ouml;vl\u0259t vergi m&uuml;f\u0259tti\u015fi,<\/p>\n<p><strong>32) Cahangirov Nazim Suc\u0259ddin o\u011flu<\/strong>&nbsp;&#8211; Departamentin Ticar\u0259t f\u0259aliyy\u0259ti il\u0259 m\u0259\u015f\u011ful olan vergi &ouml;d\u0259yicil\u0259ri il\u0259 i\u015f idar\u0259sinin Vergi qanunvericiliyinin icras\u0131na n\u0259zar\u0259t \u015f&ouml;b\u0259sinin b&ouml;y&uuml;k d&ouml;vl\u0259t vergi m&uuml;f\u0259tti\u015fi,<\/p>\n<p><strong>33) Abbasov Eldar \u018fv\u0259z o\u011fl<\/strong>u &#8211; Departamentin Tikinti f\u0259aliyy\u0259ti il\u0259 m\u0259\u015f\u011ful olan vergi &ouml;d\u0259yicil\u0259ri il\u0259 i\u015f idar\u0259sinin direktorunun m&uuml;avini,&nbsp;<\/p>\n<p><strong>34) \u015eahbazov Taryel Tapd\u0131q o\u011flu<\/strong>&nbsp;&#8211; Departamentin Tikinti f\u0259aliyy\u0259ti il\u0259 m\u0259\u015f\u011ful olan vergi &ouml;d\u0259yicil\u0259ri il\u0259 i\u015f idar\u0259sinin direktorunun m&uuml;avini,<\/p>\n<p><strong>35) H\u0259s\u0259nzad\u0259 Elxan Tofiq o\u011flu<\/strong>&nbsp;&#8211; Departamentin Tikinti f\u0259aliyy\u0259ti il\u0259 m\u0259\u015f\u011ful olan vergi &ouml;d\u0259yicil\u0259ri il\u0259 i\u015f idar\u0259sinin direktorunun m&uuml;avini,&nbsp;<\/p>\n<p><strong>36) Zeynalov Raul S&uuml;leyman o\u011flu<\/strong>&nbsp;&#8211; Departamentin Tikinti f\u0259aliyy\u0259ti il\u0259 m\u0259\u015f\u011ful olan vergi &ouml;d\u0259yicil\u0259ri il\u0259 i\u015f idar\u0259sinin direktorunun m&uuml;avini,<\/p>\n<p><strong>37) Bax\u015f\u0259liyev K\u0259mal\u0259ddin M\u0259cid o\u011flu<\/strong>&nbsp;&#8211; Departamentin Tikinti f\u0259aliyy\u0259ti il\u0259 m\u0259\u015f\u011ful olan vergi &ouml;d\u0259yicil\u0259ri il\u0259 i\u015f idar\u0259sinin direktorunun m&uuml;avini,<\/p>\n<p><strong>38) Qurbanov Az\u0259r \u015eahv\u0259l\u0259d o\u011flu<\/strong>&nbsp;&#8211; Departamentin Tikinti f\u0259aliyy\u0259ti il\u0259 m\u0259\u015f\u011ful olan vergi &ouml;d\u0259yicil\u0259ri il\u0259 i\u015f idar\u0259sinin Vergi qanunvericiliyinin icras\u0131na n\u0259zar\u0259t \u015f&ouml;b\u0259sinin d&ouml;vl\u0259t vergi m&uuml;f\u0259tti\u015fi,<\/p>\n<p><strong>39) Abdullayev &Ccedil;ingiz \u015eaban o\u011flu&nbsp;<\/strong>&#8211; Departamentin Tikinti f\u0259aliyy\u0259ti il\u0259 m\u0259\u015f\u011ful olan vergi &ouml;d\u0259yicil\u0259ri il\u0259 i\u015f idar\u0259sinin Vergi qanunvericiliyinin icras\u0131na n\u0259zar\u0259t \u015f&ouml;b\u0259sinin d&ouml;vl\u0259t vergi m&uuml;f\u0259tti\u015fi,<\/p>\n<p><strong>40) A\u011fayev Allahver\u0259n \u018fliqulu o\u011flu<\/strong>&nbsp;&#8211; Departamentin Tikinti f\u0259aliyy\u0259ti il\u0259 m\u0259\u015f\u011ful olan vergi &ouml;d\u0259yicil\u0259ri il\u0259 i\u015f idar\u0259sinin Vergi qanunvericiliyinin icras\u0131na n\u0259zar\u0259t \u015f&ouml;b\u0259sinin d&ouml;vl\u0259t vergi m&uuml;f\u0259tti\u015fi,<\/p>\n<p><strong>41) Zeynalov Fuad M\u0259h\u0259mm\u0259d o\u011flu<\/strong>&nbsp;&#8211; Departamentin Tikinti f\u0259aliyy\u0259ti il\u0259 m\u0259\u015f\u011ful olan vergi &ouml;d\u0259yicil\u0259ri il\u0259 i\u015f idar\u0259sinin Vergi qanunvericiliyinin icras\u0131na n\u0259zar\u0259t \u015f&ouml;b\u0259sinin d&ouml;vl\u0259t vergi m&uuml;f\u0259tti\u015fi,<\/p>\n<p><strong>42) Rzayev El&ccedil;in Siyavu\u015f o\u011flu<\/strong>&nbsp;&#8211; Departamentin \u0130stehsal f\u0259aliyy\u0259ti il\u0259 m\u0259\u015f\u011ful olan vergi &ouml;d\u0259yicil\u0259ri il\u0259 i\u015f idar\u0259sinin direktorunun m&uuml;avini,<\/p>\n<p><strong>43) Poluxov F\u0259xr\u0259ddin Polux o\u011flu<\/strong>&nbsp;&#8211; Departamentin \u0130stehsal f\u0259aliyy\u0259ti il\u0259 m\u0259\u015f\u011ful olan vergi &ouml;d\u0259yicil\u0259ri il\u0259 i\u015f idar\u0259sinin direktorunun m&uuml;avini,<\/p>\n<p><strong>44) Quliyev F\u0259hrad Mikay\u0131l o\u011flu<\/strong>&nbsp;&#8211; Departamentin \u0130stehsal f\u0259aliyy\u0259ti il\u0259 m\u0259\u015f\u011ful olan vergi &ouml;d\u0259yicil\u0259ri il\u0259 i\u015f idar\u0259sinin direktorunun m&uuml;avini,<\/p>\n<p><strong>45) S&uuml;leymanov Elyar Salman o\u011flu<\/strong>&nbsp;&#8211; Departamentin \u0130stehsal f\u0259aliyy\u0259ti il\u0259 m\u0259\u015f\u011ful olan vergi &ouml;d\u0259yicil\u0259ri il\u0259 i\u015f idar\u0259sinin direktorunun m&uuml;avini,<\/p>\n<p><strong>46) Abbasov Abbas Qo\u015funal\u0131 o\u011flu<\/strong>&nbsp;&#8211; Departamentin \u0130stehsal f\u0259aliyy\u0259ti il\u0259 m\u0259\u015f\u011ful olan vergi &ouml;d\u0259yicil\u0259ri il\u0259 i\u015f idar\u0259sinin direktorunun m&uuml;avini, Vergil\u0259r Nazirliyi yan\u0131nda Bak\u0131 \u015f\u0259h\u0259ri Ki&ccedil;ik Sahibkarl\u0131qla \u0130\u015f Departamenti,<br \/>\n&nbsp;&nbsp; &nbsp;&nbsp;&nbsp; &nbsp;<br \/>\n<strong>47) Qas\u0131mov \u0130srafil M\u0259mm\u0259d o\u011flu<\/strong>&nbsp;&#8211; Departamentin ba\u015f direktorunun m&uuml;avini,<br \/>\n&nbsp;<br \/>\n<strong>48) Abdullayev K\u0259ram\u0259t H\u0259s\u0259n o\u011flu<\/strong>&nbsp;&#8211; Departamentin Ticar\u0259t f\u0259aliyy\u0259ti il\u0259 m\u0259\u015f\u011ful olan vergi &ouml;d\u0259yicil\u0259ri il\u0259 i\u015f idar\u0259sinin direktorunun m&uuml;avini,<br \/>\n&nbsp;<br \/>\n<strong>49) Mustafayev Zaur Z\u0259ki o\u011flu<\/strong>&nbsp;&#8211; Departamentin Tikinti f\u0259aliyy\u0259ti il\u0259 m\u0259\u015f\u011ful olan vergi &ouml;d\u0259yicil\u0259ri il\u0259 i\u015f idar\u0259sinin direktorunun m&uuml;avini,<\/p>\n<p><strong>50) Axundov Rauf Tofiq o\u011flu<\/strong>&nbsp;&#8211; Departamentin Tikinti f\u0259aliyy\u0259ti il\u0259 m\u0259\u015f\u011ful olan vergi &ouml;d\u0259yicil\u0259ri il\u0259 i\u015f idar\u0259sinin direktorunun m&uuml;avini,<\/p>\n<p><strong>51) Axundov R\u0259zzaq F\u0259ttah o\u011flu<\/strong>&nbsp;&#8211; Departamentin Tikinti f\u0259aliyy\u0259ti il\u0259 m\u0259\u015f\u011ful olan vergi &ouml;d\u0259yicil\u0259ri il\u0259 i\u015f idar\u0259sinin B\u0259yannam\u0259l\u0259rin v\u0259 riskl\u0259rin t\u0259hlili \u015f&ouml;b\u0259sinin r\u0259hb\u0259ri,<\/p>\n<p><strong>52) Mehdizad\u0259 Az\u0259r \u018fdal\u0259t o\u011flu<\/strong>&nbsp;&#8211; Departamentin Tikinti f\u0259aliyy\u0259ti il\u0259 m\u0259\u015f\u011ful olan vergi &ouml;d\u0259yicil\u0259ri il\u0259 i\u015f idar\u0259sinin Vergi &ouml;hd\u0259likl\u0259rinin icras\u0131na n\u0259zar\u0259t \u015f&ouml;b\u0259sinin r\u0259hb\u0259ri,<\/p>\n<p><strong>53) M\u0259likli C\u0259mil G&uuml;l\u0259hm\u0259d o\u011fl<\/strong>u &#8211; Departamentin Vergi &ouml;d\u0259yicil\u0259rin\u0259 xidm\u0259t v\u0259 u&ccedil;ot idar\u0259sinin direktorunun m&uuml;avini,<\/p>\n<p><strong>54) Hac\u0131yev El\u015fad Cavan\u015fir o\u011flu<\/strong>&nbsp;&#8211; Departamentin Vergi &ouml;d\u0259yicil\u0259rin\u0259 xidm\u0259t v\u0259 u&ccedil;ot idar\u0259sinin direktorunun m&uuml;avini,&nbsp;<\/p>\n<p><strong>55)&nbsp;Aslanov Firdovsi Qubad o\u011flu<\/strong>&nbsp;&#8211; Departamentin Vergi &ouml;d\u0259yicil\u0259rin\u0259 xidm\u0259t v\u0259 u&ccedil;ot idar\u0259sinin direktorunun m&uuml;avini,<\/p>\n<p><strong>56) \u0130manov Yaqub \u015eaban o\u011flu<\/strong>&nbsp;&#8211; Departamentin Vergi &ouml;d\u0259yicil\u0259rin\u0259 xidm\u0259t v\u0259 u&ccedil;ot idar\u0259sinin direktorunun m&uuml;avini,<\/p>\n<p><strong>57) Mahmudov Turac M&uuml;z\u0259ff\u0259r o\u011flu<\/strong>&nbsp;&#8211; Departamentin Vergi &ouml;d\u0259yicil\u0259rin\u0259 xidm\u0259t v\u0259 u&ccedil;ot idar\u0259sinin direktorunun m&uuml;avini,<\/p>\n<p><strong>58) Muradzad\u0259 Asif Sevindik o\u011flu<\/strong>&nbsp;&#8211; Departamentin Vergi &ouml;d\u0259yicil\u0259rin\u0259 xidm\u0259t v\u0259 u&ccedil;ot idar\u0259sinin direktorunun m&uuml;avini,<\/p>\n<p><strong>59) Cahangirov Asif \u018fb&uuml;lf\u0259t o\u011flu<\/strong>&nbsp;&#8211; Departamentin Vergi &ouml;d\u0259yicil\u0259rin\u0259 xidm\u0259t v\u0259 u&ccedil;ot idar\u0259sinin direktorunun m&uuml;avini,<\/p>\n<p><strong>60) Xanm\u0259mm\u0259dov Emil M\u0259mm\u0259d o\u011flu<\/strong>&nbsp;&#8211; Departamentin Xidm\u0259t f\u0259aliyy\u0259ti il\u0259 m\u0259\u015f\u011ful olan vergi &ouml;d\u0259yicil\u0259ri il\u0259 i\u015f idar\u0259sinin direktoru,<\/p>\n<p><strong>61) Xubanov Ravil Ziy\u0259ddin o\u011flu<\/strong>&nbsp;&#8211; Departamentin Xidm\u0259t f\u0259aliyy\u0259ti il\u0259 m\u0259\u015f\u011ful olan vergi &ouml;d\u0259yicil\u0259ri il\u0259 i\u015f idar\u0259sinin direktorunun m&uuml;avini,<\/p>\n<p><strong>62) \u018fhm\u0259dov Yav\u0259r Ziyaf\u0259r o\u011flu<\/strong>&nbsp;&#8211; Departamentin Xidm\u0259t f\u0259aliyy\u0259ti il\u0259 m\u0259\u015f\u011ful olan vergi &ouml;d\u0259yicil\u0259ri il\u0259 i\u015f idar\u0259sinin direktorunun m&uuml;avini,<\/p>\n<p><strong>63) K\u0259l\u0259nt\u0259rli Elg&uuml;c Asif o\u011flu<\/strong>&nbsp;&#8211; Departamentin Xidm\u0259t f\u0259aliyy\u0259ti il\u0259 m\u0259\u015f\u011ful olan vergi &ouml;d\u0259yicil\u0259ri il\u0259 i\u015f idar\u0259sinin direktorunun m&uuml;avini,<\/p>\n<p><strong>64) B\u0259kirov Haley \u018fhm\u0259d o\u011flu<\/strong>&nbsp;&#8211; Departamentin \u0130stehsal f\u0259aliyy\u0259ti il\u0259 m\u0259\u015f\u011ful olan vergi &ouml;d\u0259yicil\u0259ri il\u0259 i\u015f idar\u0259sinin direktorunun m&uuml;avini,<\/p>\n<p><strong><em>Qeyd ed\u0259k ki, s\u0259r\u0259ncama g&ouml;nd\u0259ril\u0259n vergi i\u015f&ccedil;il\u0259rind\u0259n Qabil Tarquliyev Diaspora il\u0259 \u0130\u015f &uuml;zr\u0259 D&ouml;vl\u0259t Komit\u0259si s\u0259dri Nazim \u0130brahimovun bac\u0131s\u0131 o\u011flu, F\u0259xr\u0259ddin Poluxov Az\u0259rbaycan\u0131n C\u0259nubi Afrika Respublikas\u0131, Anqola, Mozambik, Svazilend v\u0259 Zimbabved\u0259ki s\u0259firi Elxan Poluxovun qarda\u015f\u0131, Abbas Abbasov Daxili \u0130\u015fl\u0259r Nazirliyi Ba\u015f Kadrlar \u0130dar\u0259sinin r\u0259isi, polis general-mayoru Rafiq Abbasovun qarda\u015f\u0131, Az\u0259r H&uuml;seynov Daxili \u0130\u015fl\u0259r Nazirliyinin (D\u0130N) Ba\u015f \u0130ctimai T\u0259hl&uuml;k\u0259sizlik \u0130dar\u0259sinin r\u0259isi, polis general-mayoru Cavan\u015fir M\u0259mm\u0259dovun k&uuml;r\u0259k\u0259ni, N\u0259simi C\u0259f\u0259rov \u0130smay\u0131ll\u0131 rayon \u0130cra Hakimiyy\u0259tinin ba\u015f&ccedil;\u0131s\u0131 Mirdam\u0259d Sad\u0131qovun k&uuml;r\u0259k\u0259ni, Famil Miriyev \u015e\u0259mkir rayon \u0130cra Hakimiyy\u0259tinin ba\u015f&ccedil;\u0131s\u0131 Alimpa\u015fa M\u0259mm\u0259dovun bibisi o\u011flu, K\u0259mal\u0259ddin Bax\u015f\u0259liyev, &Ccedil;ingiz Abdullayev, Turac Mahmudov, Raqif Qurbanov v\u0259 Firdovsi Aslanov ke&ccedil;mi\u015f vergil\u0259r naziri Fazil M\u0259mm\u0259dovun t\u0259l\u0259b\u0259 yolda\u015flar\u0131, Rahim \u018ff\u0259ndiyev v\u0259 Q&uuml;dr\u0259t Seyfullayev eks nazirin yax\u0131n dostu, &ouml;lk\u0259 daxilind\u0259 v\u0259 xaricind\u0259 olan biznesini idar\u0259 ed\u0259n \u0259sas \u015f\u0259xsl\u0259rd\u0259ndir.<\/em><\/strong><\/p>\n<p>&nbsp;<\/p>\n","protected":false},"excerpt":{"rendered":"<p>&ldquo;Ucnoqta.az&rdquo;x\u0259b\u0259r verir ki, &ldquo;&Ouml;lk\u0259.Az&rdquo;\u0131n m&ouml;t\u0259b\u0259r m\u0259nb\u0259d\u0259n \u0259ld\u0259 etdiyi m\u0259lumata g&ouml;r\u0259, s&ouml;z&uuml;ged\u0259n \u015f\u0259xsl\u0259r ke&ccedil;mi\u015f vergil\u0259r naziri Fazil M\u0259mm\u0259dovun d&ouml;vr&uuml;nd\u0259 vergi &ouml;d\u0259yicil\u0259rin\u0259 divan tutma\u011f\u0131 il\u0259 tan\u0131n\u0131r.&nbsp; Vergi &ouml;d\u0259yicil\u0259rinin \u0259n &ccedil;ox \u015fikay\u0259tl\u0259ndiyi bu&hellip;<\/p>\n","protected":false},"author":1,"featured_media":251278,"comment_status":"open","ping_status":"open","sticky":false,"template":"","format":"standard","meta":{"_lmt_disableupdate":"","_lmt_disable":"","footnotes":""},"categories":[91],"tags":[],"class_list":["post-56467","post","type-post","status-publish","format-standard","has-post-thumbnail","hentry","category-olkeici"],"_links":{"self":[{"href":"https:\/\/ucnoqta.az\/index.php?rest_route=\/wp\/v2\/posts\/56467","targetHints":{"allow":["GET"]}}],"collection":[{"href":"https:\/\/ucnoqta.az\/index.php?rest_route=\/wp\/v2\/posts"}],"about":[{"href":"https:\/\/ucnoqta.az\/index.php?rest_route=\/wp\/v2\/types\/post"}],"author":[{"embeddable":true,"href":"https:\/\/ucnoqta.az\/index.php?rest_route=\/wp\/v2\/users\/1"}],"replies":[{"embeddable":true,"href":"https:\/\/ucnoqta.az\/index.php?rest_route=%2Fwp%2Fv2%2Fcomments&post=56467"}],"version-history":[{"count":0,"href":"https:\/\/ucnoqta.az\/index.php?rest_route=\/wp\/v2\/posts\/56467\/revisions"}],"wp:featuredmedia":[{"embeddable":true,"href":"https:\/\/ucnoqta.az\/index.php?rest_route=\/wp\/v2\/media\/251278"}],"wp:attachment":[{"href":"https:\/\/ucnoqta.az\/index.php?rest_route=%2Fwp%2Fv2%2Fmedia&parent=56467"}],"wp:term":[{"taxonomy":"category","embeddable":true,"href":"https:\/\/ucnoqta.az\/index.php?rest_route=%2Fwp%2Fv2%2Fcategories&post=56467"},{"taxonomy":"post_tag","embeddable":true,"href":"https:\/\/ucnoqta.az\/index.php?rest_route=%2Fwp%2Fv2%2Ftags&post=56467"}],"curies":[{"name":"wp","href":"https:\/\/api.w.org\/{rel}","templated":true}]}}