{"id":56466,"date":"2018-01-10T11:10:29","date_gmt":"2018-01-10T07:10:29","guid":{"rendered":""},"modified":"-0001-11-30T00:00:00","modified_gmt":"-0001-11-29T20:00:00","slug":"","status":"publish","type":"post","link":"https:\/\/ucnoqta.az\/?p=56466","title":{"rendered":"Donald Tramp: <font color=red><b>&#8220;Opran\u0131 m\u0259\u011flub ed\u0259r\u0259m&#8221;<\/b><\/font>"},"content":{"rendered":"<p><strong>AB\u015e prezidenti Donald Tramp 2020-ci ild\u0259 ke&ccedil;iril\u0259c\u0259k prezident se&ccedil;kil\u0259rind\u0259 teleapar\u0131c\u0131 Opra Uinfrinin namiz\u0259d olaca\u011f\u0131na dair iddialara m&uuml;nasib\u0259t bildirib.<\/strong><br \/>\n&nbsp;<\/p>\n<p>&quot;Ucnoqta.az&quot; &quot;&Ouml;lk\u0259.Az&quot;a istinad\u0259n x\u0259b\u0259r verir ki, Tramp Unfriy\u0259 meydan oxuyub: &quot;Opran\u0131 m\u0259\u011flub ed\u0259r\u0259m, &ccedil;ox \u0259yl\u0259nc\u0259li olar&quot;.<br \/>\n&nbsp;<\/p>\n<p>Tramp A\u011f Evd\u0259 Konqres &uuml;zvl\u0259ri il\u0259 miqrant m\u0259s\u0259l\u0259si il\u0259 ba\u011fl\u0131 iclas ke&ccedil;irib. \u0130clas vaxt\u0131 a&ccedil;\u0131qlama ver\u0259n AB\u015e prezidenti Opran\u0131 se&ccedil;kil\u0259rd\u0259 m\u0259\u011flub ed\u0259c\u0259yini deyib.<br \/>\n&nbsp;<\/p>\n<p>Opran\u0131 yax\u015f\u0131 tan\u0131d\u0131\u011f\u0131n\u0131 qeyd ed\u0259n Tramp &quot;Se&ccedil;kil\u0259rd\u0259 i\u015ftirak ed\u0259c\u0259yini d&uuml;\u015f&uuml;nm&uuml;r\u0259m&quot;-deyib.<\/p>\n","protected":false},"excerpt":{"rendered":"<p>AB\u015e prezidenti Donald Tramp 2020-ci ild\u0259 ke&ccedil;iril\u0259c\u0259k prezident se&ccedil;kil\u0259rind\u0259 teleapar\u0131c\u0131 Opra Uinfrinin namiz\u0259d olaca\u011f\u0131na dair iddialara m&uuml;nasib\u0259t bildirib. &nbsp; &quot;Ucnoqta.az&quot; &quot;&Ouml;lk\u0259.Az&quot;a istinad\u0259n x\u0259b\u0259r verir ki, Tramp Unfriy\u0259 meydan oxuyub: &quot;Opran\u0131&hellip;<\/p>\n","protected":false},"author":1,"featured_media":251278,"comment_status":"open","ping_status":"open","sticky":false,"template":"","format":"standard","meta":{"_lmt_disableupdate":"","_lmt_disable":"","footnotes":""},"categories":[89],"tags":[],"class_list":["post-56466","post","type-post","status-publish","format-standard","has-post-thumbnail","hentry","category-dunya-butun-xeberler"],"_links":{"self":[{"href":"https:\/\/ucnoqta.az\/index.php?rest_route=\/wp\/v2\/posts\/56466","targetHints":{"allow":["GET"]}}],"collection":[{"href":"https:\/\/ucnoqta.az\/index.php?rest_route=\/wp\/v2\/posts"}],"about":[{"href":"https:\/\/ucnoqta.az\/index.php?rest_route=\/wp\/v2\/types\/post"}],"author":[{"embeddable":true,"href":"https:\/\/ucnoqta.az\/index.php?rest_route=\/wp\/v2\/users\/1"}],"replies":[{"embeddable":true,"href":"https:\/\/ucnoqta.az\/index.php?rest_route=%2Fwp%2Fv2%2Fcomments&post=56466"}],"version-history":[{"count":0,"href":"https:\/\/ucnoqta.az\/index.php?rest_route=\/wp\/v2\/posts\/56466\/revisions"}],"wp:featuredmedia":[{"embeddable":true,"href":"https:\/\/ucnoqta.az\/index.php?rest_route=\/wp\/v2\/media\/251278"}],"wp:attachment":[{"href":"https:\/\/ucnoqta.az\/index.php?rest_route=%2Fwp%2Fv2%2Fmedia&parent=56466"}],"wp:term":[{"taxonomy":"category","embeddable":true,"href":"https:\/\/ucnoqta.az\/index.php?rest_route=%2Fwp%2Fv2%2Fcategories&post=56466"},{"taxonomy":"post_tag","embeddable":true,"href":"https:\/\/ucnoqta.az\/index.php?rest_route=%2Fwp%2Fv2%2Ftags&post=56466"}],"curies":[{"name":"wp","href":"https:\/\/api.w.org\/{rel}","templated":true}]}}