{"id":56459,"date":"2018-01-10T10:33:18","date_gmt":"2018-01-10T06:33:18","guid":{"rendered":""},"modified":"-0001-11-30T00:00:00","modified_gmt":"-0001-11-29T20:00:00","slug":"","status":"publish","type":"post","link":"https:\/\/ucnoqta.az\/?p=56459","title":{"rendered":"Qubada 13 sm h\u00fcnd\u00fcrl\u00fckd\u0259 qar ya\u011f\u0131b- <font color=red><b>Faktiki hava<\/b><\/font>"},"content":{"rendered":"<p><strong>&Ouml;lk\u0259 \u0259razisind\u0259 m&uuml;\u015fahid\u0259 edil\u0259n hava proqnozu a&ccedil;\u0131qlan\u0131b. Bel\u0259&nbsp; ki, yanvar\u0131n 9-u g&uuml;nd&uuml;z hava \u015f\u0259raiti \u0259sas\u0259n ya\u011fmursuz ke&ccedil;ib, lakin 9-u ax\u015famdan 10-u s\u0259h\u0259r\u0259d\u0259k hava d\u0259yi\u015fib, qeyri-sabit olub, b\u0259zi rayonlarda, Ab\u015feron yar\u0131madas\u0131 v\u0259 Ab\u015feron D\u0259niz rayonunda g&uuml;cl&uuml; \u015fimal-q\u0259rb k&uuml;l\u0259yi \u0259sib, \u0259ks\u0259r rayonlarda ya\u011f\u0131\u015f, ayr\u0131-ayr\u0131 yerl\u0259rd\u0259 sulu qar, qar ya\u011f\u0131b.<\/strong><\/p>\n<p>Ucnoqta.az Ekologiya v\u0259 T\u0259bii S\u0259rv\u0259tl\u0259r Nazirliyinin Milli Hidrometeorologiya Departamentin\u0259 istinad\u0259n x\u0259b\u0259r verir ki, d&uuml;\u015f\u0259n ya\u011f\u0131nt\u0131n\u0131n miqdar\u0131 Qusarda 11, Qubada 10, \u015eabranda 5, Sar\u0131ba\u015f, Astara, Alt\u0131a\u011facda 4, X\u0131nal\u0131qda 3, \u015eahda\u011f, Xaltanda 2, M\u0259r\u0259z\u0259, Balak\u0259n, G&ouml;yt\u0259p\u0259, Lerik, Ki\u015f&ccedil;ayda 1,&nbsp;<\/p>\n<p>Bak\u0131da v\u0259 Ab\u015feron yar\u0131madas\u0131nda:&nbsp; Sumqay\u0131t, Bin\u0259, Pirallah\u0131, Zabratda 1 mm olub.<\/p>\n<p>Qar &ouml;rt&uuml;y&uuml;n&uuml;n h&uuml;nd&uuml;rl&uuml;y&uuml; Q\u0131r\u0131zda 13, \u015eahda\u011fda 12, Quba, X\u0131nal\u0131qda 10, Qusar, 8, Alt\u0131a\u011facda 7, Sar\u0131ba\u015fda (Qax) 6, Xaltanda 4, Rvarud, Lerikd\u0259 2, M\u0259r\u0259z\u0259, \u015eabranda 1, Quban\u0131n da\u011fl\u0131q \u0259razil\u0259rind\u0259 4-13 sm t\u0259\u015fkil edib.<\/p>\n","protected":false},"excerpt":{"rendered":"<p>&Ouml;lk\u0259 \u0259razisind\u0259 m&uuml;\u015fahid\u0259 edil\u0259n hava proqnozu a&ccedil;\u0131qlan\u0131b. Bel\u0259&nbsp; ki, yanvar\u0131n 9-u g&uuml;nd&uuml;z hava \u015f\u0259raiti \u0259sas\u0259n ya\u011fmursuz ke&ccedil;ib, lakin 9-u ax\u015famdan 10-u s\u0259h\u0259r\u0259d\u0259k hava d\u0259yi\u015fib, qeyri-sabit olub, b\u0259zi rayonlarda, Ab\u015feron yar\u0131madas\u0131&hellip;<\/p>\n","protected":false},"author":1,"featured_media":251278,"comment_status":"open","ping_status":"open","sticky":false,"template":"","format":"standard","meta":{"_lmt_disableupdate":"","_lmt_disable":"","footnotes":""},"categories":[],"tags":[],"class_list":["post-56459","post","type-post","status-publish","format-standard","has-post-thumbnail","hentry"],"_links":{"self":[{"href":"https:\/\/ucnoqta.az\/index.php?rest_route=\/wp\/v2\/posts\/56459","targetHints":{"allow":["GET"]}}],"collection":[{"href":"https:\/\/ucnoqta.az\/index.php?rest_route=\/wp\/v2\/posts"}],"about":[{"href":"https:\/\/ucnoqta.az\/index.php?rest_route=\/wp\/v2\/types\/post"}],"author":[{"embeddable":true,"href":"https:\/\/ucnoqta.az\/index.php?rest_route=\/wp\/v2\/users\/1"}],"replies":[{"embeddable":true,"href":"https:\/\/ucnoqta.az\/index.php?rest_route=%2Fwp%2Fv2%2Fcomments&post=56459"}],"version-history":[{"count":0,"href":"https:\/\/ucnoqta.az\/index.php?rest_route=\/wp\/v2\/posts\/56459\/revisions"}],"wp:featuredmedia":[{"embeddable":true,"href":"https:\/\/ucnoqta.az\/index.php?rest_route=\/wp\/v2\/media\/251278"}],"wp:attachment":[{"href":"https:\/\/ucnoqta.az\/index.php?rest_route=%2Fwp%2Fv2%2Fmedia&parent=56459"}],"wp:term":[{"taxonomy":"category","embeddable":true,"href":"https:\/\/ucnoqta.az\/index.php?rest_route=%2Fwp%2Fv2%2Fcategories&post=56459"},{"taxonomy":"post_tag","embeddable":true,"href":"https:\/\/ucnoqta.az\/index.php?rest_route=%2Fwp%2Fv2%2Ftags&post=56459"}],"curies":[{"name":"wp","href":"https:\/\/api.w.org\/{rel}","templated":true}]}}