{"id":56456,"date":"2018-01-10T10:25:51","date_gmt":"2018-01-10T06:25:51","guid":{"rendered":""},"modified":"-0001-11-30T00:00:00","modified_gmt":"-0001-11-29T20:00:00","slug":"","status":"publish","type":"post","link":"https:\/\/ucnoqta.az\/?p=56456","title":{"rendered":"Qeyri-sabit hava \u015f\u0259raiti n\u0259 vaxta q\u0259d\u0259r davam ed\u0259c\u0259k?- <font color=red><b>A\u00e7\u0131qlama<\/b><\/font>"},"content":{"rendered":"<p><strong>Gec\u0259 ya\u011fan qar n\u0259tic\u0259sind\u0259 b\u0259zi yerl\u0259rd\u0259 qar &ouml;rt&uuml;y&uuml; \u0259m\u0259l\u0259 g\u0259lib<\/strong><\/p>\n<p>Az\u0259rbaycanda m&uuml;\u015fahid\u0259 olunan qeyri-sabit hava \u015f\u0259raitinin n\u0259 vaxta q\u0259d\u0259r davam ed\u0259c\u0259yi a&ccedil;\u0131qlan\u0131b. Ucnoqta.az x\u0259b\u0259r verir ki, Ekologiya v\u0259 T\u0259bii S\u0259rv\u0259tl\u0259r Nazirliyinin Milli Hidrometeorologiya Departamentinin Hidrometeoroloji Proqnozlar B&uuml;rosunun direktoru G&uuml;l\u015fad M\u0259mm\u0259dova &ldquo;Report&rdquo;a a&ccedil;\u0131qlamas\u0131nda bildirib ki, haz\u0131rda &ouml;lk\u0259d\u0259 m&uuml;\u015fahid\u0259 olunan qeyri-sabit hava \u015f\u0259raiti yanvar\u0131n 11-i g&uuml;nd&uuml;z saatlar\u0131nad\u0259k davam ed\u0259c\u0259k: &quot;\u018fvv\u0259lc\u0259d\u0259n x\u0259b\u0259r verildiyi kimi, yanvar ay\u0131n\u0131n 9-u ax\u015famdan 10-u s\u0259h\u0259r\u0259d\u0259k &ouml;lk\u0259 \u0259razisind\u0259 qeyri-sabit hava \u015f\u0259raiti m&uuml;\u015fahid\u0259 olunub. G&uuml;cl&uuml; \u015fimal-q\u0259rb k&uuml;l\u0259yi \u0259sib. B\u0259zi yerl\u0259rd\u0259 ya\u011f\u0131\u015f, sulu qar, qar ya\u011f\u0131b. Gec\u0259 ya\u011fan qar n\u0259tic\u0259sind\u0259 b\u0259zi yerl\u0259rd\u0259 qar &ouml;rt&uuml;y&uuml; \u0259m\u0259l\u0259 g\u0259lib&quot;.<\/p>\n<p>Direktorun s&ouml;zl\u0259rin\u0259 g&ouml;r\u0259, bel\u0259 hava \u015f\u0259raiti bu g&uuml;n d\u0259 davam ed\u0259c\u0259k: &quot;Yanvar\u0131n 11-i g&uuml;nd&uuml;zd\u0259n hava \u015f\u0259raitinin sabitl\u0259\u015f\u0259c\u0259yi, g&uuml;n \u0259rzind\u0259 \u0259sas\u0259n ya\u011fmursuz ke&ccedil;\u0259c\u0259yi g&ouml;zl\u0259nilir&quot;.&nbsp;<\/p>\n","protected":false},"excerpt":{"rendered":"<p>Gec\u0259 ya\u011fan qar n\u0259tic\u0259sind\u0259 b\u0259zi yerl\u0259rd\u0259 qar &ouml;rt&uuml;y&uuml; \u0259m\u0259l\u0259 g\u0259lib Az\u0259rbaycanda m&uuml;\u015fahid\u0259 olunan qeyri-sabit hava \u015f\u0259raitinin n\u0259 vaxta q\u0259d\u0259r davam ed\u0259c\u0259yi a&ccedil;\u0131qlan\u0131b. Ucnoqta.az x\u0259b\u0259r verir ki, Ekologiya v\u0259 T\u0259bii S\u0259rv\u0259tl\u0259r&hellip;<\/p>\n","protected":false},"author":1,"featured_media":251278,"comment_status":"open","ping_status":"open","sticky":false,"template":"","format":"standard","meta":{"_lmt_disableupdate":"","_lmt_disable":"","footnotes":""},"categories":[91],"tags":[],"class_list":["post-56456","post","type-post","status-publish","format-standard","has-post-thumbnail","hentry","category-olkeici"],"_links":{"self":[{"href":"https:\/\/ucnoqta.az\/index.php?rest_route=\/wp\/v2\/posts\/56456","targetHints":{"allow":["GET"]}}],"collection":[{"href":"https:\/\/ucnoqta.az\/index.php?rest_route=\/wp\/v2\/posts"}],"about":[{"href":"https:\/\/ucnoqta.az\/index.php?rest_route=\/wp\/v2\/types\/post"}],"author":[{"embeddable":true,"href":"https:\/\/ucnoqta.az\/index.php?rest_route=\/wp\/v2\/users\/1"}],"replies":[{"embeddable":true,"href":"https:\/\/ucnoqta.az\/index.php?rest_route=%2Fwp%2Fv2%2Fcomments&post=56456"}],"version-history":[{"count":0,"href":"https:\/\/ucnoqta.az\/index.php?rest_route=\/wp\/v2\/posts\/56456\/revisions"}],"wp:featuredmedia":[{"embeddable":true,"href":"https:\/\/ucnoqta.az\/index.php?rest_route=\/wp\/v2\/media\/251278"}],"wp:attachment":[{"href":"https:\/\/ucnoqta.az\/index.php?rest_route=%2Fwp%2Fv2%2Fmedia&parent=56456"}],"wp:term":[{"taxonomy":"category","embeddable":true,"href":"https:\/\/ucnoqta.az\/index.php?rest_route=%2Fwp%2Fv2%2Fcategories&post=56456"},{"taxonomy":"post_tag","embeddable":true,"href":"https:\/\/ucnoqta.az\/index.php?rest_route=%2Fwp%2Fv2%2Ftags&post=56456"}],"curies":[{"name":"wp","href":"https:\/\/api.w.org\/{rel}","templated":true}]}}