{"id":56451,"date":"2018-01-09T17:44:05","date_gmt":"2018-01-09T13:44:05","guid":{"rendered":""},"modified":"-0001-11-30T00:00:00","modified_gmt":"-0001-11-29T20:00:00","slug":"","status":"publish","type":"post","link":"https:\/\/ucnoqta.az\/?p=56451","title":{"rendered":"\u00d6zb\u0259kistanda H\u0259cc ziyar\u0259tin\u0259 t\u0259krar getm\u0259k qada\u011fan edilib"},"content":{"rendered":"<p><strong>&nbsp;&Ouml;zb\u0259kistanda z\u0259vvarlara qar\u015f\u0131 yeni t\u0259l\u0259bl\u0259r qoyulub v\u0259 t\u0259krar H\u0259cc ziyar\u0259tin\u0259 getm\u0259y\u0259 m\u0259hdudiyy\u0259t t\u0259tbiq edilib.<\/strong><\/p>\n<p>&quot;Ucnoqta.az&quot; &quot;Report&quot;a istinad\u0259n x\u0259b\u0259r verir ki, bu bar\u0259d\u0259 &ouml;lk\u0259nin Nazirl\u0259r Kabinetinin q\u0259rar\u0131n\u0131n m\u0259tnind\u0259 bildirilir.<\/p>\n<p>Art\u0131q H\u0259cc\u0259 getm\u0259k ist\u0259y\u0259nl\u0259rd\u0259n daha \u0259vv\u0259l ziyar\u0259td\u0259 olmamalar\u0131 t\u0259l\u0259b edilir. Qeyd ed\u0259k ki, daha \u0259vv\u0259l bu t\u0259l\u0259b son 5 ild\u0259 H\u0259cc ziyar\u0259tind\u0259 olmamaqla kifay\u0259tl\u0259nirdi.<\/p>\n<p>H\u0259cc ziyar\u0259tin\u0259 namiz\u0259dl\u0259rin se&ccedil;imi rayon (\u015f\u0259h\u0259r) hakiml\u0259ri t\u0259r\u0259find\u0259n yarad\u0131lm\u0131\u015f 7 n\u0259f\u0259rd\u0259n ibar\u0259t i\u015f&ccedil;i qruplar\u0131 t\u0259r\u0259find\u0259n h\u0259yata ke&ccedil;iril\u0259c\u0259k.<br \/>\nXat\u0131rladaq ki, &ouml;t\u0259n ilin dekabr ay\u0131n\u0131n \u0259vv\u0259lind\u0259 &Ouml;zb\u0259kistan M&uuml;s\u0259lmanlar\u0131 Dini \u0130dar\u0259si H\u0259cc ziyar\u0259ti m\u0259qs\u0259dil\u0259 M\u0259kk\u0259y\u0259 getm\u0259k ist\u0259y\u0259nl\u0259r &uuml;&ccedil;&uuml;n t\u0259l\u0259bl\u0259ri s\u0259rtl\u0259\u015fdirib. Bel\u0259 ki, ziy\u0259r\u0259t &uuml;&ccedil;&uuml;n nazmiz\u0259d kifay\u0259t q\u0259d\u0259r v\u0259sait\u0259 sahib olmal\u0131, h\u0259m&ccedil;inin ya\u015fad\u0131\u011f\u0131 m\u0259h\u0259ll\u0259d\u0259 n&uuml;fuzlu \u015f\u0259xs olmal\u0131d\u0131r.<\/p>\n","protected":false},"excerpt":{"rendered":"<p>&nbsp;&Ouml;zb\u0259kistanda z\u0259vvarlara qar\u015f\u0131 yeni t\u0259l\u0259bl\u0259r qoyulub v\u0259 t\u0259krar H\u0259cc ziyar\u0259tin\u0259 getm\u0259y\u0259 m\u0259hdudiyy\u0259t t\u0259tbiq edilib. &quot;Ucnoqta.az&quot; &quot;Report&quot;a istinad\u0259n x\u0259b\u0259r verir ki, bu bar\u0259d\u0259 &ouml;lk\u0259nin Nazirl\u0259r Kabinetinin q\u0259rar\u0131n\u0131n m\u0259tnind\u0259 bildirilir. Art\u0131q H\u0259cc\u0259&hellip;<\/p>\n","protected":false},"author":1,"featured_media":251278,"comment_status":"open","ping_status":"open","sticky":false,"template":"","format":"standard","meta":{"_lmt_disableupdate":"","_lmt_disable":"","footnotes":""},"categories":[89],"tags":[],"class_list":["post-56451","post","type-post","status-publish","format-standard","has-post-thumbnail","hentry","category-dunya-butun-xeberler"],"_links":{"self":[{"href":"https:\/\/ucnoqta.az\/index.php?rest_route=\/wp\/v2\/posts\/56451","targetHints":{"allow":["GET"]}}],"collection":[{"href":"https:\/\/ucnoqta.az\/index.php?rest_route=\/wp\/v2\/posts"}],"about":[{"href":"https:\/\/ucnoqta.az\/index.php?rest_route=\/wp\/v2\/types\/post"}],"author":[{"embeddable":true,"href":"https:\/\/ucnoqta.az\/index.php?rest_route=\/wp\/v2\/users\/1"}],"replies":[{"embeddable":true,"href":"https:\/\/ucnoqta.az\/index.php?rest_route=%2Fwp%2Fv2%2Fcomments&post=56451"}],"version-history":[{"count":0,"href":"https:\/\/ucnoqta.az\/index.php?rest_route=\/wp\/v2\/posts\/56451\/revisions"}],"wp:featuredmedia":[{"embeddable":true,"href":"https:\/\/ucnoqta.az\/index.php?rest_route=\/wp\/v2\/media\/251278"}],"wp:attachment":[{"href":"https:\/\/ucnoqta.az\/index.php?rest_route=%2Fwp%2Fv2%2Fmedia&parent=56451"}],"wp:term":[{"taxonomy":"category","embeddable":true,"href":"https:\/\/ucnoqta.az\/index.php?rest_route=%2Fwp%2Fv2%2Fcategories&post=56451"},{"taxonomy":"post_tag","embeddable":true,"href":"https:\/\/ucnoqta.az\/index.php?rest_route=%2Fwp%2Fv2%2Ftags&post=56451"}],"curies":[{"name":"wp","href":"https:\/\/api.w.org\/{rel}","templated":true}]}}