{"id":56450,"date":"2018-01-09T17:22:47","date_gmt":"2018-01-09T13:22:47","guid":{"rendered":""},"modified":"-0001-11-30T00:00:00","modified_gmt":"-0001-11-29T20:00:00","slug":"","status":"publish","type":"post","link":"https:\/\/ucnoqta.az\/?p=56450","title":{"rendered":"Az\u0259rbaycan\u0131n \u018ffqan\u0131standak\u0131 s\u00fclhm\u0259raml\u0131lar\u0131n\u0131n say\u0131 art\u0131r\u0131l\u0131b &#8211; <font color=red><b>V\u0130DEO<\/b><\/font>"},"content":{"rendered":"<p><strong>NATO-nun &ldquo;Q\u0259tiyy\u0259tli D\u0259st\u0259k&rdquo; missiyas\u0131n\u0131n t\u0259rkibind\u0259 f\u0259aliyy\u0259t g&ouml;st\u0259rm\u0259k m\u0259qs\u0259dil\u0259 Az\u0259rbaycan Ordusunun 70 n\u0259f\u0259r s&uuml;lhm\u0259raml\u0131s\u0131 yanvar\u0131n 9-da plana uy\u011fun olaraq rotasiya qaydas\u0131nda \u018ffqan\u0131stana yola sal\u0131n\u0131b.<\/strong><br \/>\n&nbsp;<\/p>\n<p>&quot;Ucnoqta.az&quot; M&uuml;dafi\u0259 Nazirliyind\u0259n Trend-\u0259 veril\u0259n m\u0259lumata istinad\u0259n bildirir ki, bu &ouml;lk\u0259d\u0259 sabitliyin v\u0259 t\u0259hl&uuml;k\u0259sizliyin t\u0259min olunmas\u0131n\u0131n vacibliyini n\u0259z\u0259r\u0259 alaraq NATO \u018ffqan\u0131standa h\u0259yata ke&ccedil;iril\u0259n &ldquo;Q\u0259tiyy\u0259tli D\u0259st\u0259k&rdquo; missiyas\u0131nda q&uuml;vv\u0259l\u0259rin say\u0131n\u0131n art\u0131r\u0131lmas\u0131 il\u0259 ba\u011fl\u0131 Alyansa &uuml;zv olan v\u0259 t\u0259r\u0259fda\u015f &ouml;lk\u0259l\u0259r\u0259 m&uuml;raci\u0259t etmi\u015fdi.<br \/>\n&nbsp;<\/p>\n<p>Az\u0259rbaycan Prezidenti, Silahl\u0131 Q&uuml;vv\u0259l\u0259rin Ali Ba\u015f Komandan\u0131 \u0130lham \u018fliyev 23 noyabr 2017-ci il tarixind\u0259 NATO-nun Br&uuml;ssel \u015f\u0259h\u0259rind\u0259ki m\u0259nzil-q\u0259rargah\u0131ndak\u0131 &ccedil;\u0131x\u0131\u015f\u0131 zaman\u0131 2018-ci ild\u0259n etibar\u0259n Az\u0259rbaycan s&uuml;lhm\u0259raml\u0131lar\u0131n\u0131n say\u0131n\u0131n art\u0131r\u0131laca\u011f\u0131 bar\u0259d\u0259 b\u0259yanat vermi\u015fdi.<\/p>\n<p>Bu m\u0259qs\u0259dl\u0259 Milli M\u0259clis 29 dekabr 2017-ci il tarixd\u0259 &ldquo;Az\u0259rbaycan Respublikas\u0131 Silahl\u0131 Q&uuml;vv\u0259l\u0259ri taq\u0131mlar\u0131n\u0131n T&uuml;rkiy\u0259 C&uuml;mhuriyy\u0259ti Silahl\u0131 Q&uuml;vv\u0259l\u0259rinin taboru t\u0259rkibind\u0259 v\u0259 NATO strukturlar\u0131n\u0131n &uuml;mumi komandanl\u0131\u011f\u0131 alt\u0131nda \u018ffqan\u0131standa yerl\u0259\u015fdirilm\u0259sin\u0259 v\u0259 m&uuml;vafiq \u0259m\u0259liyyatlarda i\u015ftirak etm\u0259sin\u0259 raz\u0131l\u0131q verilm\u0259si haqq\u0131nda&rdquo; q\u0259rara d\u0259yi\u015fiklikl\u0259r edib.<\/p>\n<p>Az\u0259rbaycan s&uuml;lhm\u0259raml\u0131 kontingentinin say\u0131n\u0131n art\u0131r\u0131lmas\u0131 il\u0259 ba\u011fl\u0131 M&uuml;dafi\u0259 Nazirliyi t\u0259r\u0259find\u0259n m&uuml;vafiq d&ouml;vl\u0259t qurumlar\u0131, el\u0259c\u0259 d\u0259 NATO komandanl\u0131\u011f\u0131 il\u0259 \u0259laq\u0259li \u015f\u0259kild\u0259 prosedurlar yerin\u0259 yetirilib.<\/p>\n<p>Bel\u0259likl\u0259, beyn\u0259lxalq s&uuml;lh&uuml;n t\u0259min edilm\u0259si v\u0259 t\u0259r\u0259fda\u015flara d\u0259st\u0259k m\u0259qs\u0259dil\u0259 2018-ci ild\u0259n etibar\u0259n &ldquo;Q\u0259tiyy\u0259tli D\u0259st\u0259k&rdquo; missiyas\u0131n\u0131n m&uuml;xt\u0259lif q\u0259rargahlar\u0131nda 6 Az\u0259rbaycan zabiti, el\u0259c\u0259 d\u0259 2 h\u0259rbi h\u0259kim olmaqla s&uuml;lhm\u0259raml\u0131lar\u0131m\u0131z\u0131n say\u0131 &uuml;mumilikd\u0259 94-d\u0259n 120 n\u0259f\u0259r\u0259d\u0259k art\u0131r\u0131l\u0131b.<\/p>\n<p>&nbsp;<\/p>\n<p><iframe allow=\"encrypted-media\" allowfullscreen=\"\" frameborder=\"0\" gesture=\"media\" height=\"414\" src=\"https:\/\/www.youtube.com\/embed\/stJ-rw50sB4\" width=\"736\"><\/iframe><\/p>\n","protected":false},"excerpt":{"rendered":"<p>NATO-nun &ldquo;Q\u0259tiyy\u0259tli D\u0259st\u0259k&rdquo; missiyas\u0131n\u0131n t\u0259rkibind\u0259 f\u0259aliyy\u0259t g&ouml;st\u0259rm\u0259k m\u0259qs\u0259dil\u0259 Az\u0259rbaycan Ordusunun 70 n\u0259f\u0259r s&uuml;lhm\u0259raml\u0131s\u0131 yanvar\u0131n 9-da plana uy\u011fun olaraq rotasiya qaydas\u0131nda \u018ffqan\u0131stana yola sal\u0131n\u0131b. &nbsp; &quot;Ucnoqta.az&quot; M&uuml;dafi\u0259 Nazirliyind\u0259n Trend-\u0259 veril\u0259n m\u0259lumata&hellip;<\/p>\n","protected":false},"author":1,"featured_media":251278,"comment_status":"open","ping_status":"open","sticky":false,"template":"","format":"standard","meta":{"_lmt_disableupdate":"","_lmt_disable":"","footnotes":""},"categories":[],"tags":[],"class_list":["post-56450","post","type-post","status-publish","format-standard","has-post-thumbnail","hentry"],"_links":{"self":[{"href":"https:\/\/ucnoqta.az\/index.php?rest_route=\/wp\/v2\/posts\/56450","targetHints":{"allow":["GET"]}}],"collection":[{"href":"https:\/\/ucnoqta.az\/index.php?rest_route=\/wp\/v2\/posts"}],"about":[{"href":"https:\/\/ucnoqta.az\/index.php?rest_route=\/wp\/v2\/types\/post"}],"author":[{"embeddable":true,"href":"https:\/\/ucnoqta.az\/index.php?rest_route=\/wp\/v2\/users\/1"}],"replies":[{"embeddable":true,"href":"https:\/\/ucnoqta.az\/index.php?rest_route=%2Fwp%2Fv2%2Fcomments&post=56450"}],"version-history":[{"count":0,"href":"https:\/\/ucnoqta.az\/index.php?rest_route=\/wp\/v2\/posts\/56450\/revisions"}],"wp:featuredmedia":[{"embeddable":true,"href":"https:\/\/ucnoqta.az\/index.php?rest_route=\/wp\/v2\/media\/251278"}],"wp:attachment":[{"href":"https:\/\/ucnoqta.az\/index.php?rest_route=%2Fwp%2Fv2%2Fmedia&parent=56450"}],"wp:term":[{"taxonomy":"category","embeddable":true,"href":"https:\/\/ucnoqta.az\/index.php?rest_route=%2Fwp%2Fv2%2Fcategories&post=56450"},{"taxonomy":"post_tag","embeddable":true,"href":"https:\/\/ucnoqta.az\/index.php?rest_route=%2Fwp%2Fv2%2Ftags&post=56450"}],"curies":[{"name":"wp","href":"https:\/\/api.w.org\/{rel}","templated":true}]}}