{"id":56448,"date":"2018-01-09T17:04:18","date_gmt":"2018-01-09T13:04:18","guid":{"rendered":""},"modified":"-0001-11-30T00:00:00","modified_gmt":"-0001-11-29T20:00:00","slug":"","status":"publish","type":"post","link":"https:\/\/ucnoqta.az\/?p=56448","title":{"rendered":"\u201c\u0130\u00e7\u0259ri\u015f\u0259h\u0259r\u201d D\u00f6vl\u0259t Tarix-Memarl\u0131q Qoru\u011fu \u0130dar\u0259sinin Aparat r\u0259hb\u0259ri v\u0259zif\u0259sin\u0259 <font color=red><b>T\u0259yinat<\/b><\/font>"},"content":{"rendered":"<p><strong>&ldquo;\u0130&ccedil;\u0259ri\u015f\u0259h\u0259r&rdquo; D&ouml;vl\u0259t Tarix-Memarl\u0131q Qoru\u011fu \u0130dar\u0259sinin Aparat r\u0259hb\u0259ri v\u0259zif\u0259sin\u0259 t\u0259yinat olub.&nbsp;<\/strong><\/p>\n<p>&quot;Ucnoqta.az&quot; Qurumdan &quot;Report&quot;a veril\u0259n m\u0259lumata istinad\u0259n bildirir ki, bu bar\u0259d\u0259 &ldquo;\u0130&ccedil;\u0259ri\u015f\u0259h\u0259r&rdquo; D&ouml;vl\u0259t Tarix-Memarl\u0131q Qoru\u011fu \u0130dar\u0259sinin \u0130dar\u0259 Hey\u0259tinin s\u0259drinin m&uuml;vafiq \u0259mr imzalay\u0131b.&nbsp;<\/p>\n<p>Bu v\u0259zif\u0259y\u0259 2013-c&uuml; ild\u0259n &ldquo;\u0130&ccedil;\u0259ri\u015f\u0259h\u0259r&rdquo; D&ouml;vl\u0259t Tarix-Memarl\u0131q Qoru\u011fu \u0130dar\u0259sinin H&uuml;quq v\u0259 Beyn\u0259lxalq \u0259laq\u0259l\u0259r \u015f&ouml;b\u0259sinin r\u0259hb\u0259ri olan Read Az\u0259r o\u011flu Qas\u0131mov t\u0259yin edilib.<\/p>\n<p>Qeyd ed\u0259k ki R.Qas\u0131mov 1998-ci ild\u0259 Bak\u0131 D&ouml;vl\u0259t Universitetinin H&uuml;quq fak&uuml;lt\u0259sini f\u0259rql\u0259nm\u0259 il\u0259 bitirmi\u015fdir. \u018fm\u0259k fa\u0259liyy\u0259tini 1997-1999-cu ill\u0259rd\u0259 beyn\u0259lxalq \u015firk\u0259tl\u0259rd\u0259 ba\u015flam\u0131\u015f, 1999-cu ilin sonunda d&ouml;vl\u0259t qullu\u011funa q\u0259bul edil\u0259r\u0259k Az\u0259rbaycan Respublikas\u0131 Prezidenti yan\u0131nda Qiym\u0259tli Ka\u011f\u0131zlar &uuml;zr\u0259 D&ouml;vl\u0259t Komit\u0259sind\u0259 &ldquo;Qiym\u0259tli ka\u011f\u0131z sahibl\u0259rinin h&uuml;quqlar\u0131n\u0131n m&uuml;dafi\u0259si&rdquo; \u015f&ouml;b\u0259sinin r\u0259isi, 2003-c&uuml; ild\u0259n etibar\u0259n is\u0259 Komit\u0259nin H&uuml;quq departamentinin direktoru v\u0259zif\u0259sind\u0259 davam etdirmi\u015fdir. Daha sonra 2006-ci ilin yanvar ay\u0131nda Az\u0259rbaycan Respublikas\u0131n\u0131n \u0130qtisadi \u0130nki\u015faf nazirliyinin H&uuml;quq \u015f&ouml;b\u0259sinin m&uuml;diri, 2006-c\u0131 ilin oktyabr ay\u0131ndan is\u0259 Az\u0259rbaycan \u0130nvestisiya \u015eirk\u0259tinin \u0130cra&ccedil;\u0131 direktorunun m&uuml;avini t\u0259yin edilib. 2009-2010-cu ill\u0259rd\u0259 &ldquo;K&uuml;veyt-Az\u0259rbaycan \u0130nvestisiya \u015eirk\u0259tinin&rdquo; Ba\u015f direktoru, 2010-2013-c&uuml; ill\u0259rd\u0259 &ldquo;Turkapital Holding&rdquo; \u015firk\u0259tinin Az\u0259rbaycanda n&uuml;may\u0259nd\u0259liyinin direktoru v\u0259zif\u0259l\u0259rind\u0259 &ccedil;al\u0131\u015f\u0131b.<\/p>\n<p>D&ouml;vl\u0259t qullu\u011funun m&uuml;\u015faviri d\u0259r\u0259c\u0259sin\u0259 malikdir. Evlidir, iki &ouml;vlad\u0131 var.<\/p>\n","protected":false},"excerpt":{"rendered":"<p>&ldquo;\u0130&ccedil;\u0259ri\u015f\u0259h\u0259r&rdquo; D&ouml;vl\u0259t Tarix-Memarl\u0131q Qoru\u011fu \u0130dar\u0259sinin Aparat r\u0259hb\u0259ri v\u0259zif\u0259sin\u0259 t\u0259yinat olub.&nbsp; &quot;Ucnoqta.az&quot; Qurumdan &quot;Report&quot;a veril\u0259n m\u0259lumata istinad\u0259n bildirir ki, bu bar\u0259d\u0259 &ldquo;\u0130&ccedil;\u0259ri\u015f\u0259h\u0259r&rdquo; D&ouml;vl\u0259t Tarix-Memarl\u0131q Qoru\u011fu \u0130dar\u0259sinin \u0130dar\u0259 Hey\u0259tinin s\u0259drinin m&uuml;vafiq \u0259mr&hellip;<\/p>\n","protected":false},"author":1,"featured_media":251278,"comment_status":"open","ping_status":"open","sticky":false,"template":"","format":"standard","meta":{"_lmt_disableupdate":"","_lmt_disable":"","footnotes":""},"categories":[],"tags":[],"class_list":["post-56448","post","type-post","status-publish","format-standard","has-post-thumbnail","hentry"],"_links":{"self":[{"href":"https:\/\/ucnoqta.az\/index.php?rest_route=\/wp\/v2\/posts\/56448","targetHints":{"allow":["GET"]}}],"collection":[{"href":"https:\/\/ucnoqta.az\/index.php?rest_route=\/wp\/v2\/posts"}],"about":[{"href":"https:\/\/ucnoqta.az\/index.php?rest_route=\/wp\/v2\/types\/post"}],"author":[{"embeddable":true,"href":"https:\/\/ucnoqta.az\/index.php?rest_route=\/wp\/v2\/users\/1"}],"replies":[{"embeddable":true,"href":"https:\/\/ucnoqta.az\/index.php?rest_route=%2Fwp%2Fv2%2Fcomments&post=56448"}],"version-history":[{"count":0,"href":"https:\/\/ucnoqta.az\/index.php?rest_route=\/wp\/v2\/posts\/56448\/revisions"}],"wp:featuredmedia":[{"embeddable":true,"href":"https:\/\/ucnoqta.az\/index.php?rest_route=\/wp\/v2\/media\/251278"}],"wp:attachment":[{"href":"https:\/\/ucnoqta.az\/index.php?rest_route=%2Fwp%2Fv2%2Fmedia&parent=56448"}],"wp:term":[{"taxonomy":"category","embeddable":true,"href":"https:\/\/ucnoqta.az\/index.php?rest_route=%2Fwp%2Fv2%2Fcategories&post=56448"},{"taxonomy":"post_tag","embeddable":true,"href":"https:\/\/ucnoqta.az\/index.php?rest_route=%2Fwp%2Fv2%2Ftags&post=56448"}],"curies":[{"name":"wp","href":"https:\/\/api.w.org\/{rel}","templated":true}]}}