{"id":56442,"date":"2018-01-09T16:06:09","date_gmt":"2018-01-09T12:06:09","guid":{"rendered":""},"modified":"-0001-11-30T00:00:00","modified_gmt":"-0001-11-29T20:00:00","slug":"","status":"publish","type":"post","link":"https:\/\/ucnoqta.az\/?p=56442","title":{"rendered":"Nazir m\u00fcavini: <font color=red><b>\u0130tkin d\u00fc\u015f\u0259n alpinistl\u0259r d\u00fczg\u00fcn mar\u015frut \u00fczr\u0259 getm\u0259yibl\u0259r<\/b><\/font>"},"content":{"rendered":"<p><strong>\u0130tkin d&uuml;\u015f\u0259n &uuml;&ccedil; alpinist tap\u0131lana kimi axtar\u0131\u015flar davam etdiril\u0259c\u0259k.<\/strong><br \/>\n&nbsp;<\/p>\n<p>&quot;Ucnoqta.az&quot; Trend-\u0259 istinad\u0259n bildirir ki, bunu f&ouml;vq\u0259lad\u0259 hallar nazirinin m&uuml;avini, general-leytenant Faiq Ta\u011f\u0131zad\u0259 itkin d&uuml;\u015fm&uuml;\u015f alpinistl\u0259rin axtar\u0131\u015f\u0131 il\u0259 ba\u011fl\u0131 yarad\u0131lan q\u0259rargahda ke&ccedil;iril\u0259n m\u0259tbuat konfrans\u0131nda deyib.<br \/>\n&nbsp;<\/p>\n<p>O bildirib ki, bununla ba\u011fl\u0131 f&ouml;vq\u0259lad\u0259 hallar naziri K\u0259mal\u0259ddin Heyd\u0259rovun tap\u015f\u0131r\u0131\u011f\u0131 var.<br \/>\n&nbsp;<\/p>\n<p>F.Ta\u011f\u0131zad\u0259 qeyd edib ki, itkin d&uuml;\u015f\u0259n alpinistl\u0259r d&uuml;zg&uuml;n mar\u015frut &uuml;zr\u0259 getm\u0259yibl\u0259r: &quot;Onlar \u0259n asan &#8211; B 1 mar\u015frutu &uuml;zr\u0259 h\u0259r\u0259k\u0259t etm\u0259liymi\u015fl\u0259r. Sonradan mar\u015frut d\u0259yi\u015fib. H\u0259min mar\u015frut &uuml;zr\u0259 \u0259razil\u0259r se&ccedil;ilib, birinci \u0259razi yoxlan\u0131l\u0131b, orada alpinistl\u0259r\u0259 rast g\u0259linm\u0259yib&rdquo;.<br \/>\n&nbsp;<\/p>\n<p>Nazir m&uuml;avini h\u0259m&ccedil;inin deyib ki, alpinistl\u0259rin &uuml;z\u0259rind\u0259 GPS sistemi olmal\u0131 idi: &quot;Lakin t\u0259\u0259ss&uuml;fl\u0259r olsun ki, onlar\u0131n &uuml;z\u0259rind\u0259 bu cihaz olmay\u0131b&quot;.<br \/>\n&nbsp;<\/p>\n<p>F.Ta\u011f\u0131zad\u0259 vur\u011fulay\u0131b ki, alpinistl\u0259rin axtar\u0131\u015f\u0131 il\u0259 pe\u015f\u0259kar hey\u0259t m\u0259\u015f\u011ful olur: &ldquo;Burada qeyri-pe\u015f\u0259karlar &ccedil;al\u0131\u015fa bilm\u0259zl\u0259r. Burada avstriyal\u0131 m&uuml;t\u0259x\u0259ssisl\u0259r i\u015ftirak edirl\u0259r&rdquo;.<br \/>\n&nbsp;<\/p>\n<p>Qeyd ed\u0259k ki, &ouml;t\u0259n il dekabr\u0131n 23-d\u0259 &quot;Gilavar&quot; hava v\u0259 ekstrim idman klubunun 3 &uuml;zv&uuml; &#8211; F\u0259rid\u0259 C\u0259bray\u0131lzad\u0259, Babur H&uuml;seynov v\u0259 Namin B&uuml;nyatzad\u0259 Quba rayonundan Tufanda\u011f istiqam\u0259tind\u0259 h\u0259r\u0259k\u0259t ed\u0259rk\u0259n onlarla \u0259laq\u0259 k\u0259silib.<br \/>\n&nbsp;<\/p>\n<p>Ba\u015f Prokurorlu\u011fun yayd\u0131\u011f\u0131 m\u0259lumatda bildirilir ki, hadis\u0259 il\u0259 \u0259laq\u0259dar x&uuml;susi m&uuml;hafiz\u0259 olunan t\u0259bi\u0259t \u0259razil\u0259ri v\u0259 obyektl\u0259rind\u0259n istifad\u0259 sah\u0259sind\u0259 qanunvericiliyin t\u0259l\u0259bl\u0259rin\u0259 \u0259m\u0259l edilm\u0259m\u0259sin\u0259, habel\u0259 adlar\u0131 qeyd olunan alpinistl\u0259rin ixtisas\u0131, t\u0259cr&uuml;b\u0259si, haz\u0131rl\u0131qlar\u0131n\u0131n y&uuml;r&uuml;\u015f\u0259 imkan verib-verm\u0259m\u0259si, meteo\u015f\u0259raitin da\u011f\u0131n zirv\u0259sin\u0259 qalxma\u011fa \u0259lveri\u015fli olub-olmamas\u0131, mar\u015frutun se&ccedil;ilm\u0259si v\u0259 t\u0259hl&uuml;k\u0259sizlik t\u0259dbirl\u0259ri il\u0259 ba\u011fl\u0131 dig\u0259r m\u0259s\u0259l\u0259l\u0259r\u0259 n\u0259zar\u0259t edilm\u0259si sah\u0259sind\u0259 m\u0259sul \u015f\u0259xsl\u0259rin &ouml;z xidm\u0259ti v\u0259zif\u0259l\u0259rini laz\u0131mi qaydada yerin\u0259 yetirm\u0259m\u0259sin\u0259 dair \u015f&uuml;bh\u0259l\u0259r &uuml;&ccedil;&uuml;n kifay\u0259t q\u0259d\u0259r \u0259saslar yarand\u0131\u011f\u0131ndan Cinay\u0259t M\u0259c\u0259ll\u0259sinin 314.2-ci (s\u0259hl\u0259nkarl\u0131q, ehtiyats\u0131zl\u0131qdan a\u011f\u0131r n\u0259tic\u0259l\u0259r\u0259 s\u0259b\u0259b olduqda) madd\u0259si il\u0259 cinay\u0259t i\u015fi ba\u015flan\u0131b. Cinay\u0259t i\u015fi &uuml;zr\u0259 Ba\u015f Prokurorlu\u011fun A\u011f\u0131r cinay\u0259tl\u0259r\u0259 dair i\u015fl\u0259r &uuml;zr\u0259 istintaq idar\u0259sind\u0259 z\u0259ruri istintaq-\u0259m\u0259liyyat t\u0259dbirl\u0259ri h\u0259yata ke&ccedil;irlir.<\/p>\n","protected":false},"excerpt":{"rendered":"<p>\u0130tkin d&uuml;\u015f\u0259n &uuml;&ccedil; alpinist tap\u0131lana kimi axtar\u0131\u015flar davam etdiril\u0259c\u0259k. &nbsp; &quot;Ucnoqta.az&quot; Trend-\u0259 istinad\u0259n bildirir ki, bunu f&ouml;vq\u0259lad\u0259 hallar nazirinin m&uuml;avini, general-leytenant Faiq Ta\u011f\u0131zad\u0259 itkin d&uuml;\u015fm&uuml;\u015f alpinistl\u0259rin axtar\u0131\u015f\u0131 il\u0259 ba\u011fl\u0131 yarad\u0131lan&hellip;<\/p>\n","protected":false},"author":1,"featured_media":251278,"comment_status":"open","ping_status":"open","sticky":false,"template":"","format":"standard","meta":{"_lmt_disableupdate":"","_lmt_disable":"","footnotes":""},"categories":[],"tags":[],"class_list":["post-56442","post","type-post","status-publish","format-standard","has-post-thumbnail","hentry"],"_links":{"self":[{"href":"https:\/\/ucnoqta.az\/index.php?rest_route=\/wp\/v2\/posts\/56442","targetHints":{"allow":["GET"]}}],"collection":[{"href":"https:\/\/ucnoqta.az\/index.php?rest_route=\/wp\/v2\/posts"}],"about":[{"href":"https:\/\/ucnoqta.az\/index.php?rest_route=\/wp\/v2\/types\/post"}],"author":[{"embeddable":true,"href":"https:\/\/ucnoqta.az\/index.php?rest_route=\/wp\/v2\/users\/1"}],"replies":[{"embeddable":true,"href":"https:\/\/ucnoqta.az\/index.php?rest_route=%2Fwp%2Fv2%2Fcomments&post=56442"}],"version-history":[{"count":0,"href":"https:\/\/ucnoqta.az\/index.php?rest_route=\/wp\/v2\/posts\/56442\/revisions"}],"wp:featuredmedia":[{"embeddable":true,"href":"https:\/\/ucnoqta.az\/index.php?rest_route=\/wp\/v2\/media\/251278"}],"wp:attachment":[{"href":"https:\/\/ucnoqta.az\/index.php?rest_route=%2Fwp%2Fv2%2Fmedia&parent=56442"}],"wp:term":[{"taxonomy":"category","embeddable":true,"href":"https:\/\/ucnoqta.az\/index.php?rest_route=%2Fwp%2Fv2%2Fcategories&post=56442"},{"taxonomy":"post_tag","embeddable":true,"href":"https:\/\/ucnoqta.az\/index.php?rest_route=%2Fwp%2Fv2%2Ftags&post=56442"}],"curies":[{"name":"wp","href":"https:\/\/api.w.org\/{rel}","templated":true}]}}