{"id":56439,"date":"2018-01-09T15:23:29","date_gmt":"2018-01-09T11:23:29","guid":{"rendered":""},"modified":"-0001-11-30T00:00:00","modified_gmt":"-0001-11-29T20:00:00","slug":"","status":"publish","type":"post","link":"https:\/\/ucnoqta.az\/?p=56439","title":{"rendered":"Tramp himni unutdu &#8211; <font color=red><b>Video<\/b><\/font>"},"content":{"rendered":"<p><strong>AB\u015e prezidenti Donlad Tramp qat\u0131ld\u0131\u011f\u0131 m\u0259rasimd\u0259 d&ouml;vl\u0259t himnini unudub.&nbsp;<\/strong><br \/>\n&nbsp;<\/p>\n<p>&quot;Ucnoqta.az&quot; &ldquo;Qafqazinfo&rdquo;ya istinad\u0259n x\u0259b\u0259r verir ki, hadis\u0259 Amerikan futbolunun kollecd\u0259 ke&ccedil;iril\u0259n final oyununda ya\u015fan\u0131b. Bel\u0259 ki, himn s\u0259sl\u0259n\u0259n zaman Tramp s&ouml;zl\u0259ri unudub v\u0259 dodaqlar\u0131n\u0131 yalandan t\u0259rp\u0259tm\u0259y\u0259 ba\u015flay\u0131b. H\u0259min anlar kameralara tu\u015f g\u0259lib.&nbsp;<br \/>\n&nbsp;<\/p>\n<p>Maraql\u0131s\u0131 budur ki, himnin s&ouml;zl\u0259rini unudan lider final oyununda &ouml;nc\u0259 &ouml;z tvitter hesab\u0131nda &ldquo;Biz ist\u0259yirik ki, bizim bayra\u011f\u0131m\u0131za v\u0259 himnmiz\u0259 h&ouml;rm\u0259t etsinl\u0259r&rdquo;,-s&ouml;zl\u0259rini yaz\u0131b.&nbsp;<\/p>\n<p>\n&nbsp;<\/p>\n<p><iframe allow=\"encrypted-media\" allowfullscreen=\"\" frameborder=\"0\" gesture=\"media\" height=\"315\" src=\"https:\/\/www.youtube.com\/embed\/TQe0PqdEKKE\" width=\"560\"><\/iframe><\/p>\n","protected":false},"excerpt":{"rendered":"<p>AB\u015e prezidenti Donlad Tramp qat\u0131ld\u0131\u011f\u0131 m\u0259rasimd\u0259 d&ouml;vl\u0259t himnini unudub.&nbsp; &nbsp; &quot;Ucnoqta.az&quot; &ldquo;Qafqazinfo&rdquo;ya istinad\u0259n x\u0259b\u0259r verir ki, hadis\u0259 Amerikan futbolunun kollecd\u0259 ke&ccedil;iril\u0259n final oyununda ya\u015fan\u0131b. Bel\u0259 ki, himn s\u0259sl\u0259n\u0259n zaman Tramp&hellip;<\/p>\n","protected":false},"author":1,"featured_media":251278,"comment_status":"open","ping_status":"open","sticky":false,"template":"","format":"standard","meta":{"_lmt_disableupdate":"","_lmt_disable":"","footnotes":""},"categories":[89],"tags":[],"class_list":["post-56439","post","type-post","status-publish","format-standard","has-post-thumbnail","hentry","category-dunya-butun-xeberler"],"_links":{"self":[{"href":"https:\/\/ucnoqta.az\/index.php?rest_route=\/wp\/v2\/posts\/56439","targetHints":{"allow":["GET"]}}],"collection":[{"href":"https:\/\/ucnoqta.az\/index.php?rest_route=\/wp\/v2\/posts"}],"about":[{"href":"https:\/\/ucnoqta.az\/index.php?rest_route=\/wp\/v2\/types\/post"}],"author":[{"embeddable":true,"href":"https:\/\/ucnoqta.az\/index.php?rest_route=\/wp\/v2\/users\/1"}],"replies":[{"embeddable":true,"href":"https:\/\/ucnoqta.az\/index.php?rest_route=%2Fwp%2Fv2%2Fcomments&post=56439"}],"version-history":[{"count":0,"href":"https:\/\/ucnoqta.az\/index.php?rest_route=\/wp\/v2\/posts\/56439\/revisions"}],"wp:featuredmedia":[{"embeddable":true,"href":"https:\/\/ucnoqta.az\/index.php?rest_route=\/wp\/v2\/media\/251278"}],"wp:attachment":[{"href":"https:\/\/ucnoqta.az\/index.php?rest_route=%2Fwp%2Fv2%2Fmedia&parent=56439"}],"wp:term":[{"taxonomy":"category","embeddable":true,"href":"https:\/\/ucnoqta.az\/index.php?rest_route=%2Fwp%2Fv2%2Fcategories&post=56439"},{"taxonomy":"post_tag","embeddable":true,"href":"https:\/\/ucnoqta.az\/index.php?rest_route=%2Fwp%2Fv2%2Ftags&post=56439"}],"curies":[{"name":"wp","href":"https:\/\/api.w.org\/{rel}","templated":true}]}}