{"id":56436,"date":"2018-01-09T15:05:04","date_gmt":"2018-01-09T11:05:04","guid":{"rendered":""},"modified":"-0001-11-30T00:00:00","modified_gmt":"-0001-11-29T20:00:00","slug":"","status":"publish","type":"post","link":"https:\/\/ucnoqta.az\/?p=56436","title":{"rendered":"Bolqar\u0131stan prezidentind\u0259n \u018fliyev\u0259 z\u0259ng"},"content":{"rendered":"<p><strong>Bolqar\u0131stan prezidenti Rumen Radev yanvar\u0131n 9-da Az\u0259rbaycan prezidenti \u0130lham \u018fliyev\u0259 telefonla z\u0259ng edib.<\/strong><\/p>\n<p><span style=\"line-height: 1.6em;\">Rumen Radev d&ouml;vl\u0259t ba\u015f&ccedil;\u0131s\u0131n\u0131 Yeni il m&uuml;nasib\u0259til\u0259 t\u0259brik edib, ona f\u0259aliyy\u0259tind\u0259 u\u011furlar arzulay\u0131b. Bolqar\u0131stan prezidenti, eyni zamanda, bu yax\u0131nlarda Bak\u0131dan Sofiyaya birba\u015fa hava x\u0259ttinin a&ccedil;\u0131lmas\u0131 il\u0259 ba\u011fl\u0131 Prezident \u0130lham \u018fliyev\u0259 minn\u0259tdarl\u0131\u011f\u0131n\u0131 bildir\u0259r\u0259k, bunun iki &ouml;lk\u0259 aras\u0131nda \u0259laq\u0259l\u0259rin m&ouml;hk\u0259ml\u0259nm\u0259si i\u015fin\u0259 t&ouml;hf\u0259 ver\u0259c\u0259yin\u0259 \u0259minliyini ifad\u0259 edib.<\/span><\/p>\n<p>&nbsp;<\/p>\n<p>G&ouml;st\u0259ril\u0259n diqq\u0259t\u0259 v\u0259 t\u0259brik\u0259 g&ouml;r\u0259 minn\u0259tdarl\u0131\u011f\u0131n\u0131 bildir\u0259n prezident \u0130lham \u018fliyev, &ouml;z n&ouml;vb\u0259sind\u0259, Bolqar\u0131stan Prezidenti Rumen Radev\u0259 Yeni il m&uuml;nasib\u0259til\u0259 t\u0259brikl\u0259rini &ccedil;atd\u0131r\u0131b. D&ouml;vl\u0259t ba\u015f&ccedil;\u0131s\u0131 yeni a&ccedil;\u0131lm\u0131\u015f Bak\u0131-Sofiya hava x\u0259ttinin Az\u0259rbaycan-Bolqar\u0131stan \u0259m\u0259kda\u015fl\u0131\u011f\u0131n\u0131n daha da geni\u015fl\u0259ndirilm\u0259si bax\u0131m\u0131ndan \u0259h\u0259miyy\u0259tini qeyd edib.<br \/>\n&nbsp;<\/p>\n<p>Bolqar\u0131stan prezidenti &ldquo;C\u0259nub Qaz D\u0259hlizi&rdquo; layih\u0259sin\u0259 toxunaraq bunun Avropan\u0131n qaz t\u0259chizat\u0131n\u0131n \u015fax\u0259l\u0259ndirilm\u0259si bax\u0131m\u0131ndan \u0259h\u0259miyy\u0259tini v\u0259 bu layih\u0259d\u0259 Az\u0259rbaycan\u0131n h\u0259lledici rolunu x&uuml;susi vur\u011fulay\u0131b, Az\u0259rbaycan\u0131n Bolqar\u0131stan\u0131n qazla\u015fd\u0131r\u0131lmas\u0131 i\u015find\u0259 i\u015ftirak\u0131nda &ouml;lk\u0259sinin maraql\u0131 oldu\u011funu qeyd edib.<br \/>\n&nbsp;<\/p>\n<p>Prezident \u0130lham \u018fliyev bildirib ki, C\u0259nub Qaz D\u0259hlizinin icras\u0131 u\u011furla davam etdirilir, bu il TANAP layih\u0259sinin ba\u015fa &ccedil;atmas\u0131 g&ouml;zl\u0259nilir v\u0259 yax\u0131n g\u0259l\u0259c\u0259kd\u0259 Az\u0259rbaycan qaz\u0131 Bolqar\u0131stan \u0259razisin\u0259 &ccedil;atd\u0131r\u0131lacaq.<br \/>\n&nbsp;<\/p>\n<p>S&ouml;hb\u0259t zaman\u0131 prezident Rumen Radev Az\u0259rbaycan prezidentini Bolqar\u0131stana r\u0259smi s\u0259f\u0259r\u0259 d\u0259v\u0259t edib.<br \/>\n&nbsp;<\/p>\n<p>Prezident \u0130lham \u018fliyev d\u0259v\u0259ti minn\u0259tdarl\u0131qla q\u0259bul edib.<\/p>\n<p>\n&nbsp;<\/p>\n<p>\/\/Qafqazinfo\/\/<\/p>\n","protected":false},"excerpt":{"rendered":"<p>Bolqar\u0131stan prezidenti Rumen Radev yanvar\u0131n 9-da Az\u0259rbaycan prezidenti \u0130lham \u018fliyev\u0259 telefonla z\u0259ng edib. Rumen Radev d&ouml;vl\u0259t ba\u015f&ccedil;\u0131s\u0131n\u0131 Yeni il m&uuml;nasib\u0259til\u0259 t\u0259brik edib, ona f\u0259aliyy\u0259tind\u0259 u\u011furlar arzulay\u0131b. Bolqar\u0131stan prezidenti, eyni zamanda,&hellip;<\/p>\n","protected":false},"author":1,"featured_media":251278,"comment_status":"open","ping_status":"open","sticky":false,"template":"","format":"standard","meta":{"_lmt_disableupdate":"","_lmt_disable":"","footnotes":""},"categories":[86],"tags":[],"class_list":["post-56436","post","type-post","status-publish","format-standard","has-post-thumbnail","hentry","category-siyaset"],"_links":{"self":[{"href":"https:\/\/ucnoqta.az\/index.php?rest_route=\/wp\/v2\/posts\/56436","targetHints":{"allow":["GET"]}}],"collection":[{"href":"https:\/\/ucnoqta.az\/index.php?rest_route=\/wp\/v2\/posts"}],"about":[{"href":"https:\/\/ucnoqta.az\/index.php?rest_route=\/wp\/v2\/types\/post"}],"author":[{"embeddable":true,"href":"https:\/\/ucnoqta.az\/index.php?rest_route=\/wp\/v2\/users\/1"}],"replies":[{"embeddable":true,"href":"https:\/\/ucnoqta.az\/index.php?rest_route=%2Fwp%2Fv2%2Fcomments&post=56436"}],"version-history":[{"count":0,"href":"https:\/\/ucnoqta.az\/index.php?rest_route=\/wp\/v2\/posts\/56436\/revisions"}],"wp:featuredmedia":[{"embeddable":true,"href":"https:\/\/ucnoqta.az\/index.php?rest_route=\/wp\/v2\/media\/251278"}],"wp:attachment":[{"href":"https:\/\/ucnoqta.az\/index.php?rest_route=%2Fwp%2Fv2%2Fmedia&parent=56436"}],"wp:term":[{"taxonomy":"category","embeddable":true,"href":"https:\/\/ucnoqta.az\/index.php?rest_route=%2Fwp%2Fv2%2Fcategories&post=56436"},{"taxonomy":"post_tag","embeddable":true,"href":"https:\/\/ucnoqta.az\/index.php?rest_route=%2Fwp%2Fv2%2Ftags&post=56436"}],"curies":[{"name":"wp","href":"https:\/\/api.w.org\/{rel}","templated":true}]}}