{"id":56431,"date":"2018-01-09T14:33:37","date_gmt":"2018-01-09T10:33:37","guid":{"rendered":""},"modified":"-0001-11-30T00:00:00","modified_gmt":"-0001-11-29T20:00:00","slug":"","status":"publish","type":"post","link":"https:\/\/ucnoqta.az\/?p=56431","title":{"rendered":"\u201cS\u00f6z dem\u0259y\u0259 haqq\u0131 yoxdur\u201d &#8211; <font color=red><b>\u018frdo\u011fan G\u00fcl haqq\u0131nda<\/b><\/font>"},"content":{"rendered":"<p><strong>T&uuml;rkiy\u0259 lideri R\u0259c\u0259b Tayyib \u018frdo\u011fan yeni partiya yaratma\u011fa haz\u0131rla\u015fan sabiq prezident Abdullah G&uuml;l&uuml;n &uuml;nvan\u0131na s\u0259rt s&ouml;zl\u0259r deyib.&nbsp;<\/strong><br \/>\n&nbsp;<\/p>\n<p>&quot;Ucnoqta.az&quot; &ldquo;Qafqazinfo&rdquo;ya istinad\u0259n&nbsp;x\u0259b\u0259r verir ki, AK Partiyan\u0131n toplant\u0131s\u0131nda &ccedil;\u0131x\u0131\u015f ed\u0259n prezident ad &ccedil;\u0259km\u0259s\u0259 d\u0259 h\u0259d\u0259finin A.G&uuml;l oldu\u011funu b\u0259lli edib. O, &ouml;lk\u0259d\u0259 ba\u015f ver\u0259n hadis\u0259l\u0259r\u0259 s\u0259ssiz qalan, referenduma qar\u015f\u0131 kampaniya aparanlar\u0131n indi s&ouml;z dem\u0259y\u0259 haqqlar\u0131 olmad\u0131\u011f\u0131n\u0131 deyib.&nbsp;<br \/>\n&nbsp;<\/p>\n<p>&Ouml;lk\u0259 ba\u015f&ccedil;\u0131s\u0131 s\u0259l\u0259fi G&uuml;l&uuml; n\u0259z\u0259rd\u0259 tutaraq &ldquo;Ke&ccedil;mi\u015fd\u0259 partiyam\u0131zda bir dam\u0131n alt\u0131nda olub indi k\u0259narda ba\u015fqa havalarda g\u0259z\u0259nl\u0259rin partiyam\u0131z bar\u0259d\u0259 s&ouml;z dem\u0259y\u0259 haqq\u0131 yoxdur&rdquo; deyib.&nbsp;<br \/>\n&nbsp;<\/p>\n<p>R.T.\u018frdo\u011fan onu da vur\u011fulay\u0131b ki, AKP-d\u0259ki birliyi korlama\u011fa &ccedil;al\u0131\u015fanlar art\u0131q bu karvan\u0131n s\u0259mimi yol&ccedil;ular\u0131 deyill\u0259r v\u0259 karvandan geri qalanlar d&uuml;\u015fd&uuml;kl\u0259ri yerd\u0259 qalacaqlar: &ldquo;Biz &ouml;z yolumuzla ged\u0259c\u0259yik. \u018fsas i\u015fimiz s\u0259hv etm\u0259m\u0259k, \u0259vv\u0259lki x\u0259talardan d\u0259rs g&ouml;t&uuml;rm\u0259kdir. Partiyam\u0131za z\u0259r\u0259r ver\u0259 bil\u0259c\u0259k iddialar\u0131 olanlara mill\u0259timiz g\u0259r\u0259kli cavab\u0131 verir v\u0259 ver\u0259c\u0259k&rdquo;.&nbsp;<\/p>\n","protected":false},"excerpt":{"rendered":"<p>T&uuml;rkiy\u0259 lideri R\u0259c\u0259b Tayyib \u018frdo\u011fan yeni partiya yaratma\u011fa haz\u0131rla\u015fan sabiq prezident Abdullah G&uuml;l&uuml;n &uuml;nvan\u0131na s\u0259rt s&ouml;zl\u0259r deyib.&nbsp; &nbsp; &quot;Ucnoqta.az&quot; &ldquo;Qafqazinfo&rdquo;ya istinad\u0259n&nbsp;x\u0259b\u0259r verir ki, AK Partiyan\u0131n toplant\u0131s\u0131nda &ccedil;\u0131x\u0131\u015f ed\u0259n prezident ad&hellip;<\/p>\n","protected":false},"author":1,"featured_media":251278,"comment_status":"open","ping_status":"open","sticky":false,"template":"","format":"standard","meta":{"_lmt_disableupdate":"","_lmt_disable":"","footnotes":""},"categories":[89],"tags":[],"class_list":["post-56431","post","type-post","status-publish","format-standard","has-post-thumbnail","hentry","category-dunya-butun-xeberler"],"_links":{"self":[{"href":"https:\/\/ucnoqta.az\/index.php?rest_route=\/wp\/v2\/posts\/56431","targetHints":{"allow":["GET"]}}],"collection":[{"href":"https:\/\/ucnoqta.az\/index.php?rest_route=\/wp\/v2\/posts"}],"about":[{"href":"https:\/\/ucnoqta.az\/index.php?rest_route=\/wp\/v2\/types\/post"}],"author":[{"embeddable":true,"href":"https:\/\/ucnoqta.az\/index.php?rest_route=\/wp\/v2\/users\/1"}],"replies":[{"embeddable":true,"href":"https:\/\/ucnoqta.az\/index.php?rest_route=%2Fwp%2Fv2%2Fcomments&post=56431"}],"version-history":[{"count":0,"href":"https:\/\/ucnoqta.az\/index.php?rest_route=\/wp\/v2\/posts\/56431\/revisions"}],"wp:featuredmedia":[{"embeddable":true,"href":"https:\/\/ucnoqta.az\/index.php?rest_route=\/wp\/v2\/media\/251278"}],"wp:attachment":[{"href":"https:\/\/ucnoqta.az\/index.php?rest_route=%2Fwp%2Fv2%2Fmedia&parent=56431"}],"wp:term":[{"taxonomy":"category","embeddable":true,"href":"https:\/\/ucnoqta.az\/index.php?rest_route=%2Fwp%2Fv2%2Fcategories&post=56431"},{"taxonomy":"post_tag","embeddable":true,"href":"https:\/\/ucnoqta.az\/index.php?rest_route=%2Fwp%2Fv2%2Ftags&post=56431"}],"curies":[{"name":"wp","href":"https:\/\/api.w.org\/{rel}","templated":true}]}}