{"id":56428,"date":"2018-01-09T14:11:04","date_gmt":"2018-01-09T10:11:04","guid":{"rendered":""},"modified":"-0001-11-30T00:00:00","modified_gmt":"-0001-11-29T20:00:00","slug":"","status":"publish","type":"post","link":"https:\/\/ucnoqta.az\/?p=56428","title":{"rendered":"K\u0130V: Serj Sarqsyan\u0131n s\u0259hh\u0259ti a\u011f\u0131rla\u015f\u0131b v\u0259 x\u0259st\u0259xanaya yerl\u0259\u015fdirilib"},"content":{"rendered":"<p><strong>&nbsp;Erm\u0259nistan prezidenti Serj Sarqsyan\u0131n s\u0259hh\u0259ti a\u011f\u0131rla\u015f\u0131b v\u0259 x\u0259st\u0259xanaya yerl\u0259\u015fdirilib.<\/strong><\/p>\n<p>&quot;Ucnoqta.az&quot;&nbsp;x\u0259b\u0259r verir ki, bunu &ldquo;Jamanak&rdquo; q\u0259zeti yaz\u0131b.<\/p>\n<p>Q\u0259zetin m\u0259lumat\u0131na g&ouml;r\u0259, S.Sarqsyan yeni il ba\u015flayandan ictimaiyy\u0259t aras\u0131nda g&ouml;r&uuml;nm\u0259yib. Onun haz\u0131rda &ldquo;Nairi&rdquo; Tibbi M\u0259rk\u0259zind\u0259 m&uuml;alic\u0259 ald\u0131\u011f\u0131 bildirilib.<\/p>\n<p>Q\u0259zetin yazd\u0131\u011f\u0131na g&ouml;r\u0259, s\u0259hh\u0259tind\u0259 yaranm\u0131\u015f problem s\u0259b\u0259bind\u0259n S.Sarqsyan yanvar\u0131n 5-d\u0259 q\u0259ndild\u0259ki \u015fam\u0131n yand\u0131r\u0131lmas\u0131 v\u0259 yanvar\u0131n 6-da Milad bayram\u0131 il\u0259 ba\u011fl\u0131 duan\u0131n oxumas\u0131 m\u0259rsimind\u0259 i\u015ftirak etm\u0259yib.&nbsp;<br \/>\nErm\u0259nistan prezidentinin m\u0259tbuat katibi Vladimir Akopyan is\u0259 S.Sarqsyan\u0131n s\u0259hh\u0259tind\u0259 problem yarand\u0131\u011f\u0131n\u0131 t\u0259sdiql\u0259yib: &ldquo;Yeni il bayarm\u0131nda prezident Serj Sarqsyana y&uuml;ng&uuml;l soyuq d\u0259yib. Bu m&uuml;dd\u0259t \u0259rzind\u0259 is\u0259 o, evd\u0259 olub&rdquo;.<\/p>\n<p>&nbsp;<\/p>\n<p>\/\/Report\/\/<\/p>\n","protected":false},"excerpt":{"rendered":"<p>&nbsp;Erm\u0259nistan prezidenti Serj Sarqsyan\u0131n s\u0259hh\u0259ti a\u011f\u0131rla\u015f\u0131b v\u0259 x\u0259st\u0259xanaya yerl\u0259\u015fdirilib. &quot;Ucnoqta.az&quot;&nbsp;x\u0259b\u0259r verir ki, bunu &ldquo;Jamanak&rdquo; q\u0259zeti yaz\u0131b. Q\u0259zetin m\u0259lumat\u0131na g&ouml;r\u0259, S.Sarqsyan yeni il ba\u015flayandan ictimaiyy\u0259t aras\u0131nda g&ouml;r&uuml;nm\u0259yib. Onun haz\u0131rda &ldquo;Nairi&rdquo; Tibbi&hellip;<\/p>\n","protected":false},"author":1,"featured_media":251278,"comment_status":"open","ping_status":"open","sticky":false,"template":"","format":"standard","meta":{"_lmt_disableupdate":"","_lmt_disable":"","footnotes":""},"categories":[89],"tags":[],"class_list":["post-56428","post","type-post","status-publish","format-standard","has-post-thumbnail","hentry","category-dunya-butun-xeberler"],"_links":{"self":[{"href":"https:\/\/ucnoqta.az\/index.php?rest_route=\/wp\/v2\/posts\/56428","targetHints":{"allow":["GET"]}}],"collection":[{"href":"https:\/\/ucnoqta.az\/index.php?rest_route=\/wp\/v2\/posts"}],"about":[{"href":"https:\/\/ucnoqta.az\/index.php?rest_route=\/wp\/v2\/types\/post"}],"author":[{"embeddable":true,"href":"https:\/\/ucnoqta.az\/index.php?rest_route=\/wp\/v2\/users\/1"}],"replies":[{"embeddable":true,"href":"https:\/\/ucnoqta.az\/index.php?rest_route=%2Fwp%2Fv2%2Fcomments&post=56428"}],"version-history":[{"count":0,"href":"https:\/\/ucnoqta.az\/index.php?rest_route=\/wp\/v2\/posts\/56428\/revisions"}],"wp:featuredmedia":[{"embeddable":true,"href":"https:\/\/ucnoqta.az\/index.php?rest_route=\/wp\/v2\/media\/251278"}],"wp:attachment":[{"href":"https:\/\/ucnoqta.az\/index.php?rest_route=%2Fwp%2Fv2%2Fmedia&parent=56428"}],"wp:term":[{"taxonomy":"category","embeddable":true,"href":"https:\/\/ucnoqta.az\/index.php?rest_route=%2Fwp%2Fv2%2Fcategories&post=56428"},{"taxonomy":"post_tag","embeddable":true,"href":"https:\/\/ucnoqta.az\/index.php?rest_route=%2Fwp%2Fv2%2Ftags&post=56428"}],"curies":[{"name":"wp","href":"https:\/\/api.w.org\/{rel}","templated":true}]}}