{"id":56424,"date":"2018-01-10T00:29:35","date_gmt":"2018-01-09T20:29:35","guid":{"rendered":""},"modified":"-0001-11-30T00:00:00","modified_gmt":"-0001-11-29T20:00:00","slug":"","status":"publish","type":"post","link":"https:\/\/ucnoqta.az\/?p=56424","title":{"rendered":"<font color=red><b>\u018frdo\u011fan<\/b><\/font>: \u201cAB\u015e-\u0131n himay\u0259si alt\u0131nda olan \u0130srail d\u00f6vl\u0259t terroru il\u0259 m\u0259\u015f\u011fuldur\u201d"},"content":{"rendered":"<p><strong>&nbsp;&ldquo;AB\u015e-\u0131n himay\u0259si alt\u0131nda olan \u0130srail \u0259rk&ouml;y&uuml;nl&uuml;k edir&rdquo;.<\/strong><\/p>\n<p>&quot;Ucnoqta.az&quot; &ldquo;Report&rdquo;a istinad\u0259n&nbsp;x\u0259b\u0259r verir ki, bunu T&uuml;rkiy\u0259 prezidenti, hakim \u018fdal\u0259t v\u0259 \u0130nki\u015faf Partiyas\u0131n\u0131n s\u0259dri R\u0259c\u0259b Tayyib \u018frdo\u011fan partiyas\u0131n\u0131n parlamentd\u0259ki fraksiyas\u0131n\u0131n geni\u015fl\u0259ndirilmi\u015f toplat\u0131s\u0131nda bildirib.<\/p>\n<p>&ldquo;\u018fsrl\u0259r boyu \u0259cdadlar\u0131m\u0131z bar\u0131\u015f v\u0259 \u0259min-aman\u0131l\u0131\u011f\u0131 pozmamaq \u015f\u0259rti il\u0259 Q&uuml;dsd\u0259 he&ccedil; kimin ibad\u0259tin\u0259 qar\u0131\u015fmay\u0131blar. Biz bel\u0259 \u0259cadadlar\u0131n n\u0259v\u0259l\u0259riyik. B&ouml;lg\u0259d\u0259ki b&uuml;t&uuml;n qar\u0131\u015f\u0131ql\u0131qlar h\u0259min \u0259razil\u0259r Osmanl\u0131n\u0131n \u0259lind\u0259n &ccedil;\u0131xd\u0131qdan sonra ba\u015flay\u0131b. H\u0259min g&uuml;nd\u0259n b\u0259ri Q&uuml;dsd\u0259 n\u0259 \u0259min-amanl\u0131q var var, n\u0259 d\u0259 s&uuml;lh. B&ouml;lg\u0259d\u0259 t&ouml;r\u0259dil\u0259n d&ouml;vl\u0259t terroru insan haqlar\u0131n\u0131n pozulmas\u0131n\u0131n pik n&ouml;qt\u0259sidir&rdquo;, dey\u0259 T&uuml;rkiy\u0259 prezidenti vur\u011fulay\u0131b.&nbsp;<\/p>\n<p>R.T.\u018frdo\u011fan deyib ki, tez bir zamanda b&ouml;lg\u0259d\u0259 \u0259dal\u0259tlin b\u0259rpa olunaca\u011f\u0131na v\u0259 s&uuml;lh&uuml;n yaranaca\u011f\u0131na &uuml;mid edirl\u0259r.<\/p>\n<p>T&uuml;rkiy\u0259 prezidenti AB\u015e-\u0131n Suriyada h\u0259yata ke&ccedil;irdiyi siyas\u0259ti v\u0259 dan\u0131\u015f\u0131qlarla ba\u011fl\u0131 t\u0259klifl\u0259rini d\u0259 t\u0259nqid edib. O bildirib ki, Va\u015finqton Suriyadak\u0131 terror&ccedil;ulara silah-sursat verir: &ldquo;Suriyadak\u0131 terror&ccedil;ulara 4 min TIR dolu silah-sursat verilirs\u0259, biz kiminl\u0259 dan\u0131\u015faca\u011f\u0131q? Bizim b&ouml;lg\u0259 il\u0259 ba\u011fl\u0131 t\u0259klifl\u0259rimiz havada qal\u0131b, g&ouml;st\u0259rdiyimiz \u0259razil\u0259rd\u0259n \u0259n ki&ccedil;ik add\u0131m bel\u0259 geri &ccedil;\u0259kilm\u0259yibl\u0259r. Bu m\u0259s\u0259l\u0259d\u0259 biz s\u0259mimiyy\u0259t v\u0259 d&uuml;r&uuml;stl&uuml;k axtar\u0131r\u0131q&rdquo;.<\/p>\n","protected":false},"excerpt":{"rendered":"<p>&nbsp;&ldquo;AB\u015e-\u0131n himay\u0259si alt\u0131nda olan \u0130srail \u0259rk&ouml;y&uuml;nl&uuml;k edir&rdquo;. &quot;Ucnoqta.az&quot; &ldquo;Report&rdquo;a istinad\u0259n&nbsp;x\u0259b\u0259r verir ki, bunu T&uuml;rkiy\u0259 prezidenti, hakim \u018fdal\u0259t v\u0259 \u0130nki\u015faf Partiyas\u0131n\u0131n s\u0259dri R\u0259c\u0259b Tayyib \u018frdo\u011fan partiyas\u0131n\u0131n parlamentd\u0259ki fraksiyas\u0131n\u0131n geni\u015fl\u0259ndirilmi\u015f toplat\u0131s\u0131nda bildirib.&hellip;<\/p>\n","protected":false},"author":1,"featured_media":251278,"comment_status":"open","ping_status":"open","sticky":false,"template":"","format":"standard","meta":{"_lmt_disableupdate":"","_lmt_disable":"","footnotes":""},"categories":[89],"tags":[],"class_list":["post-56424","post","type-post","status-publish","format-standard","has-post-thumbnail","hentry","category-dunya-butun-xeberler"],"_links":{"self":[{"href":"https:\/\/ucnoqta.az\/index.php?rest_route=\/wp\/v2\/posts\/56424","targetHints":{"allow":["GET"]}}],"collection":[{"href":"https:\/\/ucnoqta.az\/index.php?rest_route=\/wp\/v2\/posts"}],"about":[{"href":"https:\/\/ucnoqta.az\/index.php?rest_route=\/wp\/v2\/types\/post"}],"author":[{"embeddable":true,"href":"https:\/\/ucnoqta.az\/index.php?rest_route=\/wp\/v2\/users\/1"}],"replies":[{"embeddable":true,"href":"https:\/\/ucnoqta.az\/index.php?rest_route=%2Fwp%2Fv2%2Fcomments&post=56424"}],"version-history":[{"count":0,"href":"https:\/\/ucnoqta.az\/index.php?rest_route=\/wp\/v2\/posts\/56424\/revisions"}],"wp:featuredmedia":[{"embeddable":true,"href":"https:\/\/ucnoqta.az\/index.php?rest_route=\/wp\/v2\/media\/251278"}],"wp:attachment":[{"href":"https:\/\/ucnoqta.az\/index.php?rest_route=%2Fwp%2Fv2%2Fmedia&parent=56424"}],"wp:term":[{"taxonomy":"category","embeddable":true,"href":"https:\/\/ucnoqta.az\/index.php?rest_route=%2Fwp%2Fv2%2Fcategories&post=56424"},{"taxonomy":"post_tag","embeddable":true,"href":"https:\/\/ucnoqta.az\/index.php?rest_route=%2Fwp%2Fv2%2Ftags&post=56424"}],"curies":[{"name":"wp","href":"https:\/\/api.w.org\/{rel}","templated":true}]}}