{"id":56421,"date":"2018-01-09T12:58:36","date_gmt":"2018-01-09T08:58:36","guid":{"rendered":""},"modified":"-0001-11-30T00:00:00","modified_gmt":"-0001-11-29T20:00:00","slug":"","status":"publish","type":"post","link":"https:\/\/ucnoqta.az\/?p=56421","title":{"rendered":"\u0130nc\u0259s\u0259n\u0259t vasit\u0259sil\u0259 \u00fcnsiyy\u0259t"},"content":{"rendered":"<p><strong>&ldquo;Bakcell Stars&rdquo; x&uuml;susi qay\u011f\u0131ya ehtiyac\u0131 olan u\u015faqlar &uuml;&ccedil;&uuml;n b\u0259rab\u0259r h&uuml;quq v\u0259 imkanlar yarad\u0131r&nbsp;<\/strong><\/p>\n<p>Az\u0259rbaycan\u0131n \u0130lk Mobil Operatoru v\u0259 Apar\u0131c\u0131 Mobil \u0130nternet Provayderi Bakcell \u015firk\u0259tinin h\u0259yata ke&ccedil;irdiyi Korporativ Sosial M\u0259suliyy\u0259t (KSM) f\u0259aliyy\u0259tinin prioritet istiqam\u0259tl\u0259rind\u0259n biri d\u0259 x&uuml;susi qay\u011f\u0131ya ehtiyac\u0131 olan u\u015faqlar &uuml;&ccedil;&uuml;n b\u0259rab\u0259r h&uuml;quq v\u0259 imkanlar\u0131n yarad\u0131lmas\u0131, onlar\u0131n asud\u0259 vaxtlar\u0131n\u0131n s\u0259m\u0259r\u0259li t\u0259\u015fkili v\u0259 c\u0259miyy\u0259t\u0259 tam inteqrasiya olunmalar\u0131n\u0131n t\u0259min edilm\u0259sidir.<br \/>\nBakcell \u015firk\u0259tinin Az\u0259rbaycana Birg\u0259 Yard\u0131m (UAFA) t\u0259\u015fkilat\u0131 il\u0259 uzun m&uuml;dd\u0259tdir ki, u\u011furla davam ed\u0259n \u0259m\u0259kda\u015fl\u0131\u011f\u0131 &ccedil;\u0259r&ccedil;iv\u0259sind\u0259 daha bir layih\u0259 &#8211;&nbsp; &ldquo;\u0130nc\u0259s\u0259n\u0259t Vasit\u0259sil\u0259 &Uuml;nsiyy\u0259t&rdquo; layih\u0259si ba\u015fa &ccedil;at\u0131b. 2017-ci ilin \u0259vv\u0259lind\u0259n ba\u015flayaraq UAFA t\u0259\u015fkilat\u0131n\u0131n Xa&ccedil;maz, G\u0259nc\u0259 v\u0259 Yasamal \u0130cma \u018fsasl\u0131 Reabilitasiya (\u0130\u018fR) m\u0259rk\u0259zl\u0259rind\u0259 dram, r\u0259qs, r\u0259sm v\u0259 yarad\u0131c\u0131l\u0131q d\u0259rn\u0259kl\u0259ri t\u0259\u015fkil edilib. Layih\u0259 m&uuml;dd\u0259tind\u0259 150-y\u0259 yax\u0131n x&uuml;susi qay\u011f\u0131ya ehtiyac\u0131 olan u\u015faq h\u0259min d\u0259rn\u0259kl\u0259rd\u0259 yeni bacar\u0131qlar qazan\u0131b, bu bacar\u0131qlar\u0131n\u0131 m&uuml;xt\u0259lif t\u0259dbirl\u0259rd\u0259 n&uuml;mayi\u015f etdirm\u0259kl\u0259 c\u0259miyy\u0259tin f\u0259al v\u0259 b\u0259rab\u0259rh&uuml;quqlu &uuml;zv&uuml; olduqlar\u0131n\u0131 bir daha s&uuml;buta yetiribl\u0259r.&nbsp;<br \/>\nYasamal \u0130\u018fR m\u0259rk\u0259zind\u0259ki Valideyn Birliyinin koordinatoru Z\u0259hra X\u0259l\u0259fova layih\u0259 \u0259rzind\u0259 d\u0259rn\u0259kl\u0259rd\u0259n 75 u\u015fa\u011f\u0131n b\u0259hr\u0259l\u0259ndiyini bildirib: &ldquo;Onlar\u0131n M&uuml;asir \u0130nc\u0259s\u0259n\u0259t Muzeyinin &ldquo;Sehirli &ccedil;ubuq&rdquo; layih\u0259sind\u0259 i\u015ftirak\u0131 &ccedil;oxsayl\u0131 u\u011furlar\u0131m\u0131zdan biridir. G\u0259nc\u0259 v\u0259 Yasamal \u0130\u018fR m\u0259rk\u0259zl\u0259rinin r\u0259sm v\u0259 inc\u0259s\u0259n\u0259t d\u0259rn\u0259kl\u0259rind\u0259n b\u0259hr\u0259l\u0259n\u0259n u\u015faqlar\u0131n &ccedil;\u0259kdiyi \u015f\u0259kill\u0259r bir kitabda toplan\u0131b&rdquo;.&nbsp;<br \/>\nBundan ba\u015fqa,&nbsp; Abdulla \u015eaiq ad\u0131na Kukla Teatr\u0131n\u0131n n\u0259zdind\u0259 &ldquo;Oyuq&rdquo; U\u015faq&nbsp; Studiyas\u0131 il\u0259 birg\u0259&nbsp; teatr, r\u0259sm v\u0259 r\u0259qs d\u0259rn\u0259kl\u0259rin xidm\u0259tl\u0259rind\u0259n yararlanan u\u015faqlar\u0131n i\u015ftirak\u0131 il\u0259 &ldquo;Sehrli d&uuml;nya&rdquo; adli tama\u015fa t\u0259qdim edilib. U\u015faqlar S\u0259bail rayon \u0130cra Hakimiyy\u0259ti v\u0259 &quot;Az\u0259rbaycan X\u0259z\u0259r D\u0259niz G\u0259mi&ccedil;iliyi&quot; Qapal\u0131 S\u0259hmdar C\u0259miyy\u0259ti t\u0259r\u0259find\u0259n &ldquo;3 dekabr Beyn\u0259lxalq \u018flill\u0259r G&uuml;n&uuml;&rdquo; m&uuml;nasib\u0259til\u0259&nbsp; ke&ccedil;iril\u0259n t\u0259dbird\u0259 d\u0259&nbsp; m&uuml;xt\u0259lif r\u0259qsl\u0259rl\u0259 &ccedil;\u0131x\u0131\u015f edibl\u0259r. B&uuml;t&uuml;n bu u\u011furlar u\u015faqlar v\u0259 onlar\u0131n ail\u0259 &uuml;zvl\u0259rinin h\u0259yat\u0131nda xo\u015f v\u0259 yaddaqalan d\u0259yi\u015fiklikl\u0259r yarad\u0131r.&nbsp;<br \/>\nUAFA-n\u0131n Xa&ccedil;maz v\u0259 G\u0259nc\u0259 \u0130\u018fR M\u0259rk\u0259zl\u0259rind\u0259 &ldquo;Xalq yarad\u0131c\u0131l\u0131\u011f\u0131 inc\u0259s\u0259n\u0259t&rdquo; v\u0259 &ldquo;Bacar\u0131ql\u0131 \u0259ll\u0259r&rdquo; d\u0259rn\u0259kl\u0259rind\u0259n 60 yax\u0131n u\u015faq b\u0259hr\u0259l\u0259nir. Layih\u0259 &ccedil;\u0259r&ccedil;iv\u0259sind\u0259&nbsp; u\u015faqlar m&uuml;xt\u0259lif t\u0259dbirl\u0259rd\u0259 ki&ccedil;ik tama\u015fa, trio, f\u0259rdi v\u0259 ya xor ifas\u0131nda n\u0259\u011fm\u0259l\u0259r, r\u0259qsl\u0259r v\u0259 \u015ferl\u0259rl\u0259 &ccedil;\u0131x\u0131\u015f edibl\u0259r. Onlar bu d\u0259rn\u0259kd\u0259 \u0259lil arabas\u0131nda, x&uuml;susi avadanl\u0131qlardan istifad\u0259 ed\u0259r\u0259k b&ouml;y&uuml;k s\u0259hn\u0259d\u0259 ilk add\u0131mlar\u0131n\u0131 at\u0131b, k&ouml;rp\u0259 ya\u015flar\u0131ndan c\u0259miyy\u0259t\u0259 inteqrasiya olma\u011fa bacar\u0131blar. H\u0259min d\u0259rn\u0259k vasit\u0259sil\u0259 u\u015faqlar nitq m\u0259d\u0259niyy\u0259ti, s\u0259hn\u0259 davran\u0131\u015f\u0131, yerim\u0259, dan\u0131\u015f\u0131q qaydas\u0131, s\u0259hn\u0259d\u0259 plastik h\u0259r\u0259k\u0259tl\u0259r, musiqi al\u0259tl\u0259rind\u0259 ifa etm\u0259 kimi kimi bacar\u0131qlar \u0259ld\u0259 edibl\u0259r. H\u0259m&ccedil;inin, par&ccedil;a q\u0131r\u0131qlar\u0131ndan m\u0259rk\u0259zd\u0259 istifad\u0259 &uuml;&ccedil;&uuml;n vacib olan m&uuml;xt\u0259lif n&ouml;v sensor oyuncaqlar, v\u0259saitl\u0259r, r\u0259sml\u0259r v\u0259 \u0259l i\u015fl\u0259ri haz\u0131rlay\u0131blar.&nbsp;<br \/>\n&ldquo;Biz inan\u0131r\u0131q ki, bu&nbsp; u\u015faqlar c\u0259miyy\u0259tin b\u0259rab\u0259rh&uuml;quqlu &uuml;zvl\u0259ridir. Onlarda &ouml;z&uuml;n\u0259 inam hissini formala\u015fd\u0131rmaq v\u0259 bu u\u015faqlar\u0131 s\u0259rb\u0259st h\u0259yata haz\u0131rlamaq \u0259h\u0259miyy\u0259tlidir. &ldquo;Bakcell Stars&rdquo; layih\u0259si vasit\u0259sil\u0259 bu u\u015faqlar &uuml;&ccedil;&uuml;n \u0259lav\u0259 imkanlar yarad\u0131l\u0131r, onlar g\u0259l\u0259c\u0259y\u0259 do\u011fru daha inamla ir\u0259lil\u0259yir, c\u0259miyy\u0259tin ayr\u0131lmaz hiss\u0259si olduqlar\u0131n\u0131 anlay\u0131rlar. U\u015faqlara d\u0259st\u0259k olma\u011f\u0131m\u0131za imkan yaratd\u0131qlar\u0131 &uuml;&ccedil;&uuml;n onlar\u0131n valideynl\u0259rin\u0259 v\u0259 UAFA t\u0259\u015fkilat\u0131na t\u0259\u015f\u0259kk&uuml;r&uuml;m&uuml;z&uuml; bildirir v\u0259 inan\u0131r\u0131q ki, bu istiqam\u0259td\u0259 birg\u0259 u\u011furlu f\u0259aliyy\u0259timiz davam ed\u0259c\u0259k&rdquo;, dey\u0259 Bakcell \u015firk\u0259tinin PR v\u0259 Korporativ Kommunikasiya Departamentinin r\u0259hb\u0259ri S&uuml;heyl\u0259 C\u0259f\u0259rova&nbsp; bildirib.&nbsp;&nbsp;<br \/>\n2010-cu ild\u0259n etibar\u0259n Bakcell \u015firk\u0259ti davaml\u0131 olaraq UAFA \u0130\u018fR m\u0259rk\u0259zl\u0259rinin xidm\u0259tl\u0259rind\u0259n b\u0259hr\u0259l\u0259n\u0259n v\u0259 x&uuml;susi qay\u011f\u0131ya ehtiyac\u0131 olan u\u015faqlar\u0131 d\u0259st\u0259kl\u0259m\u0259kl\u0259 onlar &uuml;&ccedil;&uuml;n b\u0259rab\u0259r h&uuml;quq v\u0259 imkanlar\u0131n yarad\u0131lmas\u0131, asud\u0259 vaxtlar\u0131n\u0131n s\u0259m\u0259r\u0259li t\u0259\u015fkili v\u0259 c\u0259miyy\u0259t\u0259 tam inteqrasiya olunmalar\u0131n\u0131 t\u0259min etm\u0259y\u0259 &ccedil;al\u0131\u015f\u0131r. Bu layih\u0259 u\u015faqlar\u0131n v\u0259 onlar\u0131n valideynl\u0259rinin c\u0259miyy\u0259td\u0259 daha f\u0259al olmas\u0131na, yeni dostlar qazanmas\u0131na, m&uuml;xt\u0259lif insanlarla &uuml;nsiyy\u0259td\u0259 olmas\u0131na k&ouml;m\u0259k olur, b&uuml;t&uuml;n bunlar is\u0259 &ouml;z n&ouml;vb\u0259sind\u0259 c\u0259miyy\u0259td\u0259 sa\u011flaml\u0131q imkanlar\u0131 m\u0259hdud u\u015faqlara v\u0259 \u0259lilliy\u0259 qar\u015f\u0131 m&uuml;nasib\u0259ti d\u0259yi\u015fir.&nbsp;<\/p>\n<p>&nbsp;<\/p>\n","protected":false},"excerpt":{"rendered":"<p>&ldquo;Bakcell Stars&rdquo; x&uuml;susi qay\u011f\u0131ya ehtiyac\u0131 olan u\u015faqlar &uuml;&ccedil;&uuml;n b\u0259rab\u0259r h&uuml;quq v\u0259 imkanlar yarad\u0131r&nbsp; Az\u0259rbaycan\u0131n \u0130lk Mobil Operatoru v\u0259 Apar\u0131c\u0131 Mobil \u0130nternet Provayderi Bakcell \u015firk\u0259tinin h\u0259yata ke&ccedil;irdiyi Korporativ Sosial M\u0259suliyy\u0259t (KSM)&hellip;<\/p>\n","protected":false},"author":1,"featured_media":251278,"comment_status":"open","ping_status":"open","sticky":false,"template":"","format":"standard","meta":{"_lmt_disableupdate":"","_lmt_disable":"","footnotes":""},"categories":[],"tags":[],"class_list":["post-56421","post","type-post","status-publish","format-standard","has-post-thumbnail","hentry"],"_links":{"self":[{"href":"https:\/\/ucnoqta.az\/index.php?rest_route=\/wp\/v2\/posts\/56421","targetHints":{"allow":["GET"]}}],"collection":[{"href":"https:\/\/ucnoqta.az\/index.php?rest_route=\/wp\/v2\/posts"}],"about":[{"href":"https:\/\/ucnoqta.az\/index.php?rest_route=\/wp\/v2\/types\/post"}],"author":[{"embeddable":true,"href":"https:\/\/ucnoqta.az\/index.php?rest_route=\/wp\/v2\/users\/1"}],"replies":[{"embeddable":true,"href":"https:\/\/ucnoqta.az\/index.php?rest_route=%2Fwp%2Fv2%2Fcomments&post=56421"}],"version-history":[{"count":0,"href":"https:\/\/ucnoqta.az\/index.php?rest_route=\/wp\/v2\/posts\/56421\/revisions"}],"wp:featuredmedia":[{"embeddable":true,"href":"https:\/\/ucnoqta.az\/index.php?rest_route=\/wp\/v2\/media\/251278"}],"wp:attachment":[{"href":"https:\/\/ucnoqta.az\/index.php?rest_route=%2Fwp%2Fv2%2Fmedia&parent=56421"}],"wp:term":[{"taxonomy":"category","embeddable":true,"href":"https:\/\/ucnoqta.az\/index.php?rest_route=%2Fwp%2Fv2%2Fcategories&post=56421"},{"taxonomy":"post_tag","embeddable":true,"href":"https:\/\/ucnoqta.az\/index.php?rest_route=%2Fwp%2Fv2%2Ftags&post=56421"}],"curies":[{"name":"wp","href":"https:\/\/api.w.org\/{rel}","templated":true}]}}