{"id":56409,"date":"2018-01-09T12:17:49","date_gmt":"2018-01-09T08:17:49","guid":{"rendered":""},"modified":"-0001-11-30T00:00:00","modified_gmt":"-0001-11-29T20:00:00","slug":"","status":"publish","type":"post","link":"https:\/\/ucnoqta.az\/?p=56409","title":{"rendered":"M\u0259\u015fhur i\u015f adam\u0131 yar\u0131m milyonluq d\u0259l\u0259duzluqda g\u00fcnahland\u0131r\u0131l\u0131r &#8211; <font color=red><b>&#8220;Atena&#8221;n\u0131n sahibi<\/b><\/font>"},"content":{"rendered":"<div style=\"max-width: 100%; font-family: Arial, Helvetica, sans-serif; font-size: 19px;\">Az\u0259rbaycanda m\u0259\u015fhur i\u015f adam\u0131 yar\u0131m milyon dollarl\u0131q d\u0259l\u0259duzluqda ittiham edilir.<\/div>\n<div style=\"max-width: 100%; font-family: Arial, Helvetica, sans-serif; font-size: 19px;\">&nbsp;<\/div>\n<div style=\"max-width: 100%; font-family: Arial, Helvetica, sans-serif; font-size: 19px;\">&nbsp;<\/div>\n<div style=\"max-width: 100%; font-family: Arial, Helvetica, sans-serif; font-size: 19px;\">&quot;Report&rdquo;un m\u0259lumat\u0131na g&ouml;r\u0259, Bak\u0131 \u015f\u0259h\u0259r sakini 1965-ci il t\u0259v\u0259ll&uuml;dl&uuml; N\u0259simi Dada\u015fov h&uuml;quq-m&uuml;hafiz\u0259 orqanlar\u0131na m&uuml;raci\u0259t ed\u0259r\u0259k bildirib ki, 2015-ci ild\u0259 A\u011fc\u0259b\u0259di rayon sakini M&uuml;lhazil Balaki\u015fiyev onun etimad\u0131ndan istifad\u0259 ed\u0259r\u0259k 500 min AB\u015e dollar\u0131 pulunu al\u0131b.<\/div>\n<div style=\"max-width: 100%; font-family: Arial, Helvetica, sans-serif; font-size: 19px;\">&nbsp;<\/div>\n<div style=\"max-width: 100%; font-family: Arial, Helvetica, sans-serif; font-size: 19px;\">Faktla ba\u011fl\u0131 Cinay\u0259t M\u0259c\u0259ll\u0259sinin 178-ci (d\u0259l\u0259duzluq) madd\u0259si il\u0259 cinay\u0259t i\u015fi ba\u015flan\u0131l\u0131b.<\/div>\n<div style=\"max-width: 100%; font-family: Arial, Helvetica, sans-serif; font-size: 19px;\">&nbsp;<\/div>\n<div style=\"max-width: 100%; font-family: Arial, Helvetica, sans-serif; font-size: 19px;\">Qeyd ed\u0259k ki, M.Balaki\u015fiyev i\u015f adam\u0131d\u0131r. O, &quot;Atena&rdquo; s&uuml;d m\u0259hsullar\u0131 kombinat\u0131n\u0131n t\u0259sis&ccedil;isi v\u0259 &quot;F\u0259rhad-91&rdquo; yun emal\u0131 m&uuml;\u0259ssis\u0259sinin sahibidir.&nbsp;<\/div>\n","protected":false},"excerpt":{"rendered":"<p>Az\u0259rbaycanda m\u0259\u015fhur i\u015f adam\u0131 yar\u0131m milyon dollarl\u0131q d\u0259l\u0259duzluqda ittiham edilir. &nbsp; &nbsp; &quot;Report&rdquo;un m\u0259lumat\u0131na g&ouml;r\u0259, Bak\u0131 \u015f\u0259h\u0259r sakini 1965-ci il t\u0259v\u0259ll&uuml;dl&uuml; N\u0259simi Dada\u015fov h&uuml;quq-m&uuml;hafiz\u0259 orqanlar\u0131na m&uuml;raci\u0259t ed\u0259r\u0259k bildirib ki, 2015-ci&hellip;<\/p>\n","protected":false},"author":1,"featured_media":251278,"comment_status":"open","ping_status":"open","sticky":false,"template":"","format":"standard","meta":{"_lmt_disableupdate":"","_lmt_disable":"","footnotes":""},"categories":[88],"tags":[],"class_list":["post-56409","post","type-post","status-publish","format-standard","has-post-thumbnail","hentry","category-ekonomika"],"_links":{"self":[{"href":"https:\/\/ucnoqta.az\/index.php?rest_route=\/wp\/v2\/posts\/56409","targetHints":{"allow":["GET"]}}],"collection":[{"href":"https:\/\/ucnoqta.az\/index.php?rest_route=\/wp\/v2\/posts"}],"about":[{"href":"https:\/\/ucnoqta.az\/index.php?rest_route=\/wp\/v2\/types\/post"}],"author":[{"embeddable":true,"href":"https:\/\/ucnoqta.az\/index.php?rest_route=\/wp\/v2\/users\/1"}],"replies":[{"embeddable":true,"href":"https:\/\/ucnoqta.az\/index.php?rest_route=%2Fwp%2Fv2%2Fcomments&post=56409"}],"version-history":[{"count":0,"href":"https:\/\/ucnoqta.az\/index.php?rest_route=\/wp\/v2\/posts\/56409\/revisions"}],"wp:featuredmedia":[{"embeddable":true,"href":"https:\/\/ucnoqta.az\/index.php?rest_route=\/wp\/v2\/media\/251278"}],"wp:attachment":[{"href":"https:\/\/ucnoqta.az\/index.php?rest_route=%2Fwp%2Fv2%2Fmedia&parent=56409"}],"wp:term":[{"taxonomy":"category","embeddable":true,"href":"https:\/\/ucnoqta.az\/index.php?rest_route=%2Fwp%2Fv2%2Fcategories&post=56409"},{"taxonomy":"post_tag","embeddable":true,"href":"https:\/\/ucnoqta.az\/index.php?rest_route=%2Fwp%2Fv2%2Ftags&post=56409"}],"curies":[{"name":"wp","href":"https:\/\/api.w.org\/{rel}","templated":true}]}}