{"id":56408,"date":"2018-01-09T12:10:20","date_gmt":"2018-01-09T08:10:20","guid":{"rendered":""},"modified":"-0001-11-30T00:00:00","modified_gmt":"-0001-11-29T20:00:00","slug":"","status":"publish","type":"post","link":"https:\/\/ucnoqta.az\/?p=56408","title":{"rendered":"L\u0259nk\u0259randa faci\u0259 \u2014 <font color=red><b>Do\u011fu\u015f zaman\u0131 \u0259kiz k\u00f6rp\u0259l\u0259r \u00f6ld\u00fc<\/b><\/font>"},"content":{"rendered":"<p><strong>L\u0259nk\u0259ran rayonunda do\u011fu\u015f zaman\u0131 \u0259kiz k&ouml;rp\u0259l\u0259r &ouml;l&uuml;b.<\/strong><\/p>\n<p>&quot;Ucnoqta.az&quot; &quot;Report&quot;a istinad\u0259n bildirir ki, hadis\u0259 L\u0259nk\u0259ran Rayon M\u0259rk\u0259zi X\u0259st\u0259xanas\u0131n\u0131n Do\u011fum \u015f&ouml;b\u0259sind\u0259 ba\u015f verib.<\/p>\n<p>Masall\u0131 rayonunun T&uuml;rkoba k\u0259nd sakini, 1991-ci il t\u0259v\u0259ll&uuml;dl&uuml; Alid\u0259 Tofiq q\u0131z\u0131 M\u0259mm\u0259dovan\u0131n hamil\u0259liyinin 7-ci ay\u0131nda s\u0259hh\u0259tind\u0259 probleml\u0259r yaran\u0131b v\u0259 buna g&ouml;r\u0259 d\u0259 h\u0259kiml\u0259r k&ouml;rp\u0259l\u0259rin 7 ayl\u0131q d&uuml;nyaya g\u0259tiririlm\u0259sin\u0259 q\u0259rar veribl\u0259r. K&ouml;rp\u0259l\u0259rd\u0259n biri q\u0131z, biri o\u011flan olub. Do\u011fu\u015f zaman\u0131 \u0259kiz k&ouml;rp\u0259l\u0259r d&uuml;nyas\u0131n\u0131 d\u0259yi\u015fib.<\/p>\n<p>M\u0259lumata g&ouml;r\u0259, bir il &ouml;nc\u0259 d\u0259 qad\u0131n\u0131n d&uuml;nyaya g\u0259tirdiyi o\u011flan u\u015fa\u011f\u0131 x\u0259st\u0259xanada &ouml;l&uuml;b.<\/p>\n<p>Hadis\u0259 il\u0259 ba\u011fl\u0131 ara\u015fd\u0131rma apar\u0131l\u0131r.&nbsp;<\/p>\n","protected":false},"excerpt":{"rendered":"<p>L\u0259nk\u0259ran rayonunda do\u011fu\u015f zaman\u0131 \u0259kiz k&ouml;rp\u0259l\u0259r &ouml;l&uuml;b. &quot;Ucnoqta.az&quot; &quot;Report&quot;a istinad\u0259n bildirir ki, hadis\u0259 L\u0259nk\u0259ran Rayon M\u0259rk\u0259zi X\u0259st\u0259xanas\u0131n\u0131n Do\u011fum \u015f&ouml;b\u0259sind\u0259 ba\u015f verib. Masall\u0131 rayonunun T&uuml;rkoba k\u0259nd sakini, 1991-ci il t\u0259v\u0259ll&uuml;dl&uuml; Alid\u0259&hellip;<\/p>\n","protected":false},"author":1,"featured_media":251278,"comment_status":"open","ping_status":"open","sticky":false,"template":"","format":"standard","meta":{"_lmt_disableupdate":"","_lmt_disable":"","footnotes":""},"categories":[],"tags":[],"class_list":["post-56408","post","type-post","status-publish","format-standard","has-post-thumbnail","hentry"],"_links":{"self":[{"href":"https:\/\/ucnoqta.az\/index.php?rest_route=\/wp\/v2\/posts\/56408","targetHints":{"allow":["GET"]}}],"collection":[{"href":"https:\/\/ucnoqta.az\/index.php?rest_route=\/wp\/v2\/posts"}],"about":[{"href":"https:\/\/ucnoqta.az\/index.php?rest_route=\/wp\/v2\/types\/post"}],"author":[{"embeddable":true,"href":"https:\/\/ucnoqta.az\/index.php?rest_route=\/wp\/v2\/users\/1"}],"replies":[{"embeddable":true,"href":"https:\/\/ucnoqta.az\/index.php?rest_route=%2Fwp%2Fv2%2Fcomments&post=56408"}],"version-history":[{"count":0,"href":"https:\/\/ucnoqta.az\/index.php?rest_route=\/wp\/v2\/posts\/56408\/revisions"}],"wp:featuredmedia":[{"embeddable":true,"href":"https:\/\/ucnoqta.az\/index.php?rest_route=\/wp\/v2\/media\/251278"}],"wp:attachment":[{"href":"https:\/\/ucnoqta.az\/index.php?rest_route=%2Fwp%2Fv2%2Fmedia&parent=56408"}],"wp:term":[{"taxonomy":"category","embeddable":true,"href":"https:\/\/ucnoqta.az\/index.php?rest_route=%2Fwp%2Fv2%2Fcategories&post=56408"},{"taxonomy":"post_tag","embeddable":true,"href":"https:\/\/ucnoqta.az\/index.php?rest_route=%2Fwp%2Fv2%2Ftags&post=56408"}],"curies":[{"name":"wp","href":"https:\/\/api.w.org\/{rel}","templated":true}]}}