{"id":56404,"date":"2018-01-09T11:41:44","date_gmt":"2018-01-09T07:41:44","guid":{"rendered":""},"modified":"-0001-11-30T00:00:00","modified_gmt":"-0001-11-29T20:00:00","slug":"","status":"publish","type":"post","link":"https:\/\/ucnoqta.az\/?p=56404","title":{"rendered":"Deputatlar\u0131n ezamiyy\u0259t x\u0259rcl\u0259ri art\u0131r\u0131l\u0131r"},"content":{"rendered":"<p><strong>Milli M\u0259clisin deputatlar\u0131 v\u0259 i\u015f&ccedil;il\u0259rinin ezamiyy\u0259t x\u0259rcl\u0259rinin m\u0259bl\u0259\u011fi art\u0131r\u0131lacaq.<\/strong><\/p>\n<p>&quot;Ucnoqta.az&quot; &ldquo;&Ouml;lk\u0259.Az&rdquo;-a istinad\u0259n bildirir ki, bununla ba\u011fl\u0131 &ldquo;Az\u0259rbaycan Respublikas\u0131 Milli M\u0259clisi deputat\u0131n\u0131n statusu haqq\u0131nda&rdquo; qanuna \u0259lav\u0259 v\u0259 d\u0259yi\u015fiklikl\u0259r edilm\u0259si n\u0259z\u0259rd\u0259 tutulub.&nbsp;<br \/>\n&nbsp;<\/p>\n<p>M\u0259lumata g&ouml;r\u0259, 2018-ci ild\u0259 Milli M\u0259clisin saxlan\u0131lma x\u0259rcl\u0259ri 25 milyon 432 min manat t\u0259\u015fkil edir.&nbsp;<br \/>\n&nbsp;<\/p>\n<p>Ayr\u0131lan v\u0259saitin 68.8 faizini \u0259m\u0259k haqq\u0131 x\u0259rcl\u0259ri t\u0259\u015fkil ed\u0259c\u0259k. H\u0259m&ccedil;inin, xarici s\u0259f\u0259rl\u0259r, avtopark\u0131n yenil\u0259nm\u0259si v\u0259 dig\u0259r m\u0259s\u0259l\u0259l\u0259r &uuml;&ccedil;&uuml;n d\u0259 \u0259lav\u0259 v\u0259sait ayr\u0131lacaq.<br \/>\n&nbsp;<\/p>\n<p>&ldquo;2018-ci ilin d&ouml;vl\u0259t b&uuml;dc\u0259si haqq\u0131nda&rdquo; Qanunun t\u0259tbiq edilm\u0259si bar\u0259d\u0259 f\u0259rmana \u0259sas\u0259n, bu ild\u0259n ezamiyy\u0259t\u0259 ged\u0259c\u0259k h\u0259r bir deputat\u0131n ayl\u0131q \u0259m\u0259k haqq\u0131na m&uuml;\u0259yy\u0259n v\u0259sait \u0259lav\u0259 olunacaq. Lakin bu il &uuml;&ccedil;&uuml;n deputatlar\u0131n \u0259m\u0259k haqqlar\u0131nda art\u0131m n\u0259z\u0259rd\u0259 tutulmay\u0131b.&nbsp;<\/p>\n","protected":false},"excerpt":{"rendered":"<p>Milli M\u0259clisin deputatlar\u0131 v\u0259 i\u015f&ccedil;il\u0259rinin ezamiyy\u0259t x\u0259rcl\u0259rinin m\u0259bl\u0259\u011fi art\u0131r\u0131lacaq. &quot;Ucnoqta.az&quot; &ldquo;&Ouml;lk\u0259.Az&rdquo;-a istinad\u0259n bildirir ki, bununla ba\u011fl\u0131 &ldquo;Az\u0259rbaycan Respublikas\u0131 Milli M\u0259clisi deputat\u0131n\u0131n statusu haqq\u0131nda&rdquo; qanuna \u0259lav\u0259 v\u0259 d\u0259yi\u015fiklikl\u0259r edilm\u0259si n\u0259z\u0259rd\u0259 tutulub.&nbsp;&hellip;<\/p>\n","protected":false},"author":1,"featured_media":251278,"comment_status":"open","ping_status":"open","sticky":false,"template":"","format":"standard","meta":{"_lmt_disableupdate":"","_lmt_disable":"","footnotes":""},"categories":[],"tags":[],"class_list":["post-56404","post","type-post","status-publish","format-standard","has-post-thumbnail","hentry"],"_links":{"self":[{"href":"https:\/\/ucnoqta.az\/index.php?rest_route=\/wp\/v2\/posts\/56404","targetHints":{"allow":["GET"]}}],"collection":[{"href":"https:\/\/ucnoqta.az\/index.php?rest_route=\/wp\/v2\/posts"}],"about":[{"href":"https:\/\/ucnoqta.az\/index.php?rest_route=\/wp\/v2\/types\/post"}],"author":[{"embeddable":true,"href":"https:\/\/ucnoqta.az\/index.php?rest_route=\/wp\/v2\/users\/1"}],"replies":[{"embeddable":true,"href":"https:\/\/ucnoqta.az\/index.php?rest_route=%2Fwp%2Fv2%2Fcomments&post=56404"}],"version-history":[{"count":0,"href":"https:\/\/ucnoqta.az\/index.php?rest_route=\/wp\/v2\/posts\/56404\/revisions"}],"wp:featuredmedia":[{"embeddable":true,"href":"https:\/\/ucnoqta.az\/index.php?rest_route=\/wp\/v2\/media\/251278"}],"wp:attachment":[{"href":"https:\/\/ucnoqta.az\/index.php?rest_route=%2Fwp%2Fv2%2Fmedia&parent=56404"}],"wp:term":[{"taxonomy":"category","embeddable":true,"href":"https:\/\/ucnoqta.az\/index.php?rest_route=%2Fwp%2Fv2%2Fcategories&post=56404"},{"taxonomy":"post_tag","embeddable":true,"href":"https:\/\/ucnoqta.az\/index.php?rest_route=%2Fwp%2Fv2%2Ftags&post=56404"}],"curies":[{"name":"wp","href":"https:\/\/api.w.org\/{rel}","templated":true}]}}