{"id":56403,"date":"2018-01-09T11:37:25","date_gmt":"2018-01-09T07:37:25","guid":{"rendered":""},"modified":"-0001-11-30T00:00:00","modified_gmt":"-0001-11-29T20:00:00","slug":"","status":"publish","type":"post","link":"https:\/\/ucnoqta.az\/?p=56403","title":{"rendered":"Tan\u0131\u015flar\u0131na 450 min &#8220;atan&#8221; r\u0259fiq\u0259l\u0259rin m\u0259hk\u0259m\u0259si ba\u015flad\u0131"},"content":{"rendered":"<p><strong>Bu g&uuml;n Bak\u0131 A\u011f\u0131r Cinay\u0259tl\u0259r M\u0259hk\u0259m\u0259sind\u0259 d\u0259l\u0259duzluqda t\u0259qsirl\u0259ndiril\u0259n T&uuml;rkay \u018fkb\u0259rli v\u0259 Ceyran \u0130smay\u0131lzad\u0259nin cinay\u0259t i\u015fi &uuml;zr\u0259 m\u0259hk\u0259m\u0259 iclas\u0131 ba\u015flay\u0131b.<\/strong><\/p>\n<p>&quot;Ucnoqta.az&quot; &ldquo;&Ouml;lk\u0259.Az&rdquo;-a istinad\u0259n bildirir ki, hakim Mirz\u0259 Xanki\u015fiyevin s\u0259drlik etdiyi iclasda anket m\u0259lumatlar\u0131 d\u0259qiql\u0259\u015fdirilib. \u0130clasda onlar\u0131n v\u0259kill\u0259ri h\u0259bs q\u0259timkan t\u0259dbirinin d\u0259yi\u015fdirilm\u0259sini ist\u0259yibl\u0259r. M&uuml;\u015favir\u0259d\u0259n sonra q\u0259rar elan edilib. Q\u0259rara \u0259sas\u0259n, v\u0259sat\u0259t t\u0259min edilm\u0259yib.<br \/>\n&nbsp;<\/p>\n<p>M\u0259hk\u0259m\u0259nin bax\u0131\u015f iclas\u0131 yanvar\u0131n 17-n\u0259 t\u0259yin edilib.<br \/>\n&nbsp;<\/p>\n<p>Qeyd ed\u0259k ki, onlar Cinay\u0259t M\u0259c\u0259ll\u0259sinin 178-ci(d\u0259l\u0259dzuluq) madd\u0259sin\u0259 \u0259sas\u0259n ittiham olunurlar. Onlar B\u0259hruz Na\u011f\u0131yev adl\u0131 \u015f\u0259xsd\u0259n 450 min manat pulu d\u0259l\u0259duzluq yolu il\u0259 almaqda g&uuml;nahlan\u0131r\u0131l\u0131rar.<\/p>\n","protected":false},"excerpt":{"rendered":"<p>Bu g&uuml;n Bak\u0131 A\u011f\u0131r Cinay\u0259tl\u0259r M\u0259hk\u0259m\u0259sind\u0259 d\u0259l\u0259duzluqda t\u0259qsirl\u0259ndiril\u0259n T&uuml;rkay \u018fkb\u0259rli v\u0259 Ceyran \u0130smay\u0131lzad\u0259nin cinay\u0259t i\u015fi &uuml;zr\u0259 m\u0259hk\u0259m\u0259 iclas\u0131 ba\u015flay\u0131b. &quot;Ucnoqta.az&quot; &ldquo;&Ouml;lk\u0259.Az&rdquo;-a istinad\u0259n bildirir ki, hakim Mirz\u0259 Xanki\u015fiyevin s\u0259drlik etdiyi iclasda&hellip;<\/p>\n","protected":false},"author":1,"featured_media":251278,"comment_status":"open","ping_status":"open","sticky":false,"template":"","format":"standard","meta":{"_lmt_disableupdate":"","_lmt_disable":"","footnotes":""},"categories":[],"tags":[],"class_list":["post-56403","post","type-post","status-publish","format-standard","has-post-thumbnail","hentry"],"_links":{"self":[{"href":"https:\/\/ucnoqta.az\/index.php?rest_route=\/wp\/v2\/posts\/56403","targetHints":{"allow":["GET"]}}],"collection":[{"href":"https:\/\/ucnoqta.az\/index.php?rest_route=\/wp\/v2\/posts"}],"about":[{"href":"https:\/\/ucnoqta.az\/index.php?rest_route=\/wp\/v2\/types\/post"}],"author":[{"embeddable":true,"href":"https:\/\/ucnoqta.az\/index.php?rest_route=\/wp\/v2\/users\/1"}],"replies":[{"embeddable":true,"href":"https:\/\/ucnoqta.az\/index.php?rest_route=%2Fwp%2Fv2%2Fcomments&post=56403"}],"version-history":[{"count":0,"href":"https:\/\/ucnoqta.az\/index.php?rest_route=\/wp\/v2\/posts\/56403\/revisions"}],"wp:featuredmedia":[{"embeddable":true,"href":"https:\/\/ucnoqta.az\/index.php?rest_route=\/wp\/v2\/media\/251278"}],"wp:attachment":[{"href":"https:\/\/ucnoqta.az\/index.php?rest_route=%2Fwp%2Fv2%2Fmedia&parent=56403"}],"wp:term":[{"taxonomy":"category","embeddable":true,"href":"https:\/\/ucnoqta.az\/index.php?rest_route=%2Fwp%2Fv2%2Fcategories&post=56403"},{"taxonomy":"post_tag","embeddable":true,"href":"https:\/\/ucnoqta.az\/index.php?rest_route=%2Fwp%2Fv2%2Ftags&post=56403"}],"curies":[{"name":"wp","href":"https:\/\/api.w.org\/{rel}","templated":true}]}}