{"id":56400,"date":"2018-01-09T23:06:55","date_gmt":"2018-01-09T19:06:55","guid":{"rendered":""},"modified":"-0001-11-30T00:00:00","modified_gmt":"-0001-11-29T20:00:00","slug":"","status":"publish","type":"post","link":"https:\/\/ucnoqta.az\/?p=56400","title":{"rendered":"\u201cF\u0259rid N\u0259biyev bizim tank\u0131m\u0131z olacaq\u201d &#8211;<font color=red><b> \u201cSlaviya\u201dn\u0131n \u00e7al\u0131\u015fd\u0131r\u0131c\u0131s\u0131<\/b><\/font>"},"content":{"rendered":"<p><strong>&ldquo;Biz G\u0259ncl\u0259r Liqas\u0131n\u0131n final m\u0259rh\u0259l\u0259sind\u0259 m&ouml;vqeyimizi qorumal\u0131y\u0131q. Bu bizim \u0259sas m\u0259qs\u0259dimizdir&rdquo;.<\/strong><\/p>\n<p>&quot;Ucnoqta.az&quot; &ldquo;Qafqazinfo&rdquo;ya istinad\u0259n x\u0259b\u0259r verir ki, bu s&ouml;zl\u0259ri Praqa &ldquo;Slaviya&rdquo;s\u0131n\u0131n U-21 komandas\u0131n\u0131n ba\u015f m\u0259\u015fq&ccedil;isi Pavel Rehak deyib.<br \/>\n&nbsp;<\/p>\n<p>O bildirib ki, komandada oynayan az\u0259rbaycanl\u0131 futbol&ccedil;u F\u0259rid N\u0259biyev &ccedil;ox istedadl\u0131d\u0131r v\u0259 lider olacaq: &ldquo;Q\u0131\u015f haz\u0131rl\u0131\u011f\u0131nda futbol&ccedil;ular\u0131m\u0131z daha da ir\u0259lil\u0259yirl\u0259r. H\u0259m fiziki, h\u0259m g&uuml;c, h\u0259m d\u0259 d&ouml;z&uuml;ml&uuml;l&uuml;k olaca\u011f\u0131na g&ouml;r\u0259 h\u0259r \u015feyin yax\u015f\u0131s\u0131na s&ouml;z verir\u0259m.<br \/>\n&nbsp;<\/p>\n<p>B\u0259zi f\u0259rdi s\u0259hvl\u0259rimizd\u0259n xallar itirdik. B\u0259zi futbol&ccedil;ular, x&uuml;susil\u0259 Andrey Sintean v\u0259 F\u0259rid N\u0259biyev &ccedil;ox istedal\u0131d\u0131rlar. Onlar komandan\u0131n tanklar\u0131 olacaq, komandan\u0131n liderl\u0259rin\u0259 &ccedil;evril\u0259c\u0259kl\u0259rini d&uuml;\u015f&uuml;n&uuml;r\u0259m&rdquo;.<\/p>\n","protected":false},"excerpt":{"rendered":"<p>&ldquo;Biz G\u0259ncl\u0259r Liqas\u0131n\u0131n final m\u0259rh\u0259l\u0259sind\u0259 m&ouml;vqeyimizi qorumal\u0131y\u0131q. Bu bizim \u0259sas m\u0259qs\u0259dimizdir&rdquo;. &quot;Ucnoqta.az&quot; &ldquo;Qafqazinfo&rdquo;ya istinad\u0259n x\u0259b\u0259r verir ki, bu s&ouml;zl\u0259ri Praqa &ldquo;Slaviya&rdquo;s\u0131n\u0131n U-21 komandas\u0131n\u0131n ba\u015f m\u0259\u015fq&ccedil;isi Pavel Rehak deyib. &nbsp; O&hellip;<\/p>\n","protected":false},"author":1,"featured_media":251278,"comment_status":"open","ping_status":"open","sticky":false,"template":"","format":"standard","meta":{"_lmt_disableupdate":"","_lmt_disable":"","footnotes":""},"categories":[90],"tags":[],"class_list":["post-56400","post","type-post","status-publish","format-standard","has-post-thumbnail","hentry","category-idman-butun-xeberler"],"_links":{"self":[{"href":"https:\/\/ucnoqta.az\/index.php?rest_route=\/wp\/v2\/posts\/56400","targetHints":{"allow":["GET"]}}],"collection":[{"href":"https:\/\/ucnoqta.az\/index.php?rest_route=\/wp\/v2\/posts"}],"about":[{"href":"https:\/\/ucnoqta.az\/index.php?rest_route=\/wp\/v2\/types\/post"}],"author":[{"embeddable":true,"href":"https:\/\/ucnoqta.az\/index.php?rest_route=\/wp\/v2\/users\/1"}],"replies":[{"embeddable":true,"href":"https:\/\/ucnoqta.az\/index.php?rest_route=%2Fwp%2Fv2%2Fcomments&post=56400"}],"version-history":[{"count":0,"href":"https:\/\/ucnoqta.az\/index.php?rest_route=\/wp\/v2\/posts\/56400\/revisions"}],"wp:featuredmedia":[{"embeddable":true,"href":"https:\/\/ucnoqta.az\/index.php?rest_route=\/wp\/v2\/media\/251278"}],"wp:attachment":[{"href":"https:\/\/ucnoqta.az\/index.php?rest_route=%2Fwp%2Fv2%2Fmedia&parent=56400"}],"wp:term":[{"taxonomy":"category","embeddable":true,"href":"https:\/\/ucnoqta.az\/index.php?rest_route=%2Fwp%2Fv2%2Fcategories&post=56400"},{"taxonomy":"post_tag","embeddable":true,"href":"https:\/\/ucnoqta.az\/index.php?rest_route=%2Fwp%2Fv2%2Ftags&post=56400"}],"curies":[{"name":"wp","href":"https:\/\/api.w.org\/{rel}","templated":true}]}}