{"id":56396,"date":"2018-01-09T22:15:07","date_gmt":"2018-01-09T18:15:07","guid":{"rendered":""},"modified":"-0001-11-30T00:00:00","modified_gmt":"-0001-11-29T20:00:00","slug":"","status":"publish","type":"post","link":"https:\/\/ucnoqta.az\/?p=56396","title":{"rendered":"\u201cB\u00fct\u00fcn komandalar Bak\u0131da m\u0259skunla\u015f\u0131b\u201d &#8211; <font color=red><b>\u0130vanovi\u00e7<\/b><\/font>"},"content":{"rendered":"<p><strong>&ldquo;Az\u0259rbaycanda iki m&ouml;vs&uuml;m ke&ccedil;irdim. Oynad\u0131\u011f\u0131m ilk ild\u0259 finalda &ldquo;Az\u0259rreyl&rdquo;\u0259 uduzduq. &Ouml;t\u0259n m&ouml;vs&uuml;m is\u0259 eyni komandan\u0131 finalda m\u0259\u011flub etdik&rdquo;.<\/strong><\/p>\n<p>&quot;Ucnoqta.az&quot;<strong>&nbsp; <\/strong>&ldquo;Qafqazinfo&rdquo;ya istinad\u0259n&nbsp;x\u0259b\u0259r verir ki, bu s&ouml;zl\u0259ri Montenqro millisinin voleybol&ccedil;usu Kseniya \u0130vanovi&ccedil; deyib.<br \/>\n&nbsp;<\/p>\n<p>Serbiya m\u0259tbuat\u0131na dan\u0131\u015fan xan\u0131m idman&ccedil;\u0131 Az\u0259rbaycanda &ldquo;Telekom&rdquo;da oynad\u0131\u011f\u0131 vaxtlar\u0131 xat\u0131rlay\u0131b. \u0130vanovi&ccedil; &ouml;lk\u0259mizd\u0259 xo\u015f g&uuml;nl\u0259r ke&ccedil;irdiyini bildirib: &ldquo;Az\u0259rbaycan &ccedil;empionu olmaq eyforiya hissi yaratd\u0131 m\u0259nd\u0259. Zoran Qayi&ccedil; kimi g&uuml;cl&uuml; m&uuml;t\u0259x\u0259ssisl\u0259 i\u015fl\u0259m\u0259k \u0259la t\u0259cr&uuml;b\u0259 idi.<br \/>\n&nbsp;<\/p>\n<p>\u0130ki ild\u0259 voleybol v\u0259 h\u0259yat haqq\u0131nda &ccedil;ox \u015fey &ouml;yr\u0259ndim. Az\u0259rbaycana g\u0259ldikd\u0259 is\u0259 dig\u0259r \u015f\u0259h\u0259rl\u0259ri g&ouml;rm\u0259k imkan\u0131m\u0131z yox idi. &Ccedil;&uuml;nki b&uuml;t&uuml;n komandalar paytaxt Bak\u0131da m\u0259skunla\u015fm\u0131\u015fd\u0131. Amma Bak\u0131 g&ouml;z\u0259l \u015f\u0259h\u0259rdir. &ldquo;Telekom&rdquo; b&ouml;y&uuml;k klubdur. Son 10 ild\u0259 9 d\u0259f\u0259 &ccedil;empion olub. Bu komandada b&ouml;y&uuml;k oyun&ccedil;ular &ccedil;\u0131x\u0131\u015f edib&rdquo;.<\/p>\n","protected":false},"excerpt":{"rendered":"<p>&ldquo;Az\u0259rbaycanda iki m&ouml;vs&uuml;m ke&ccedil;irdim. Oynad\u0131\u011f\u0131m ilk ild\u0259 finalda &ldquo;Az\u0259rreyl&rdquo;\u0259 uduzduq. &Ouml;t\u0259n m&ouml;vs&uuml;m is\u0259 eyni komandan\u0131 finalda m\u0259\u011flub etdik&rdquo;. &quot;Ucnoqta.az&quot;&nbsp; &ldquo;Qafqazinfo&rdquo;ya istinad\u0259n&nbsp;x\u0259b\u0259r verir ki, bu s&ouml;zl\u0259ri Montenqro millisinin voleybol&ccedil;usu Kseniya \u0130vanovi&ccedil;&hellip;<\/p>\n","protected":false},"author":1,"featured_media":251278,"comment_status":"open","ping_status":"open","sticky":false,"template":"","format":"standard","meta":{"_lmt_disableupdate":"","_lmt_disable":"","footnotes":""},"categories":[90],"tags":[],"class_list":["post-56396","post","type-post","status-publish","format-standard","has-post-thumbnail","hentry","category-idman-butun-xeberler"],"_links":{"self":[{"href":"https:\/\/ucnoqta.az\/index.php?rest_route=\/wp\/v2\/posts\/56396","targetHints":{"allow":["GET"]}}],"collection":[{"href":"https:\/\/ucnoqta.az\/index.php?rest_route=\/wp\/v2\/posts"}],"about":[{"href":"https:\/\/ucnoqta.az\/index.php?rest_route=\/wp\/v2\/types\/post"}],"author":[{"embeddable":true,"href":"https:\/\/ucnoqta.az\/index.php?rest_route=\/wp\/v2\/users\/1"}],"replies":[{"embeddable":true,"href":"https:\/\/ucnoqta.az\/index.php?rest_route=%2Fwp%2Fv2%2Fcomments&post=56396"}],"version-history":[{"count":0,"href":"https:\/\/ucnoqta.az\/index.php?rest_route=\/wp\/v2\/posts\/56396\/revisions"}],"wp:featuredmedia":[{"embeddable":true,"href":"https:\/\/ucnoqta.az\/index.php?rest_route=\/wp\/v2\/media\/251278"}],"wp:attachment":[{"href":"https:\/\/ucnoqta.az\/index.php?rest_route=%2Fwp%2Fv2%2Fmedia&parent=56396"}],"wp:term":[{"taxonomy":"category","embeddable":true,"href":"https:\/\/ucnoqta.az\/index.php?rest_route=%2Fwp%2Fv2%2Fcategories&post=56396"},{"taxonomy":"post_tag","embeddable":true,"href":"https:\/\/ucnoqta.az\/index.php?rest_route=%2Fwp%2Fv2%2Ftags&post=56396"}],"curies":[{"name":"wp","href":"https:\/\/api.w.org\/{rel}","templated":true}]}}