{"id":56389,"date":"2018-01-09T21:05:20","date_gmt":"2018-01-09T17:05:20","guid":{"rendered":""},"modified":"-0001-11-30T00:00:00","modified_gmt":"-0001-11-29T20:00:00","slug":"","status":"publish","type":"post","link":"https:\/\/ucnoqta.az\/?p=56389","title":{"rendered":"T\u00fcrkiy\u0259d\u0259 h\u0259bsd\u0259 olan 18 general azadl\u0131\u011fa burax\u0131l\u0131b"},"content":{"rendered":"<p><strong>T&uuml;rkiy\u0259d\u0259 F\u0259tullah&ccedil;\u0131 Terror T\u0259\u015fkilat\u0131n\u0131n (FET&Ouml;) u\u011fursuz d&ouml;vl\u0259t &ccedil;evrili\u015fin\u0259 c\u0259hdind\u0259 i\u015ftirakda ittiham olunaraq h\u0259bs edil\u0259n 18 general azadl\u0131\u011fa burax\u0131l\u0131b.&nbsp;<\/strong><\/p>\n<p>&quot;Ucnoqta.az&quot; &ldquo;Report&rdquo;a istinad\u0259n x\u0259b\u0259r verir ki, FET&Ouml;-n&uuml;n d&ouml;vl\u0259t &ccedil;evrili\u015fi plan\u0131 h\u0259yata ke&ccedil;\u0259c\u0259yi t\u0259qdird\u0259 h\u0259min generallar &ouml;lk\u0259ni idar\u0259 ed\u0259c\u0259k hey\u0259t\u0259 daxil olacaqlar\u0131m\u0131\u015f.&nbsp;<\/p>\n<p>Onlar\u0131n ad\u0131 d&ouml;vl\u0259t &ccedil;evrili\u015fi plan\u0131n\u0131 haz\u0131rlayan v\u0259 &ccedil;evrili\u015fd\u0259n sonra T&uuml;rkiy\u0259ni idar\u0259 ed\u0259c\u0259k &Ouml;lk\u0259d\u0259 S&uuml;lh \u015euras\u0131n\u0131n &uuml;zvl\u0259ri siyah\u0131s\u0131na daxil edilibmi\u015f. Lakin m\u0259hk\u0259m\u0259d\u0259 h\u0259min generallar\u0131n g&uuml;nah\u0131 s&uuml;buta yetirilm\u0259yib. Hakiml\u0259rin fikrinc\u0259, 18 general\u0131n d&ouml;vl\u0259t &ccedil;evrili\u015fin\u0259 c\u0259hd\u0259 i\u015ftirak\u0131n\u0131 t\u0259sdiql\u0259y\u0259n kifay\u0259t q\u0259d\u0259r d\u0259lil-s&uuml;but yoxdur. Ona g&ouml;r\u0259 d\u0259 m\u0259hk\u0259m\u0259 T&uuml;rkiy\u0259 Silahl\u0131 Q&uuml;vv\u0259l\u0259rinin generallar\u0131 Erdal &Ouml;zt&uuml;rk, Veli Y\u0131ld\u0131r\u0131m, \u015eener Yaz\u0131&ccedil;\u0131o\u011flu, &Ouml;mer Mesut Ak, Ali Aky&uuml;rker, Murat Yayg\u0131n, Celalettin &Ccedil;oban, Ercan \u0130nceo\u011flu, Abdulla Barutcu, Ersin Y\u0131ld\u0131r\u0131m, \u0130smet G&ouml;khan G&uuml;lmez, Adnan Arslan, Salih Sevil, Osman Nadir, Ersal &Ouml;lmez, Mustafa \u0130lter, Abdullah Baysar, Mesut Sava\u015f\u0131n azadl\u0131\u011fa burax\u0131lmas\u0131 haqq\u0131nda q\u0259rar q\u0259bul edib.<\/p>\n","protected":false},"excerpt":{"rendered":"<p>T&uuml;rkiy\u0259d\u0259 F\u0259tullah&ccedil;\u0131 Terror T\u0259\u015fkilat\u0131n\u0131n (FET&Ouml;) u\u011fursuz d&ouml;vl\u0259t &ccedil;evrili\u015fin\u0259 c\u0259hdind\u0259 i\u015ftirakda ittiham olunaraq h\u0259bs edil\u0259n 18 general azadl\u0131\u011fa burax\u0131l\u0131b.&nbsp; &quot;Ucnoqta.az&quot; &ldquo;Report&rdquo;a istinad\u0259n x\u0259b\u0259r verir ki, FET&Ouml;-n&uuml;n d&ouml;vl\u0259t &ccedil;evrili\u015fi plan\u0131 h\u0259yata ke&ccedil;\u0259c\u0259yi&hellip;<\/p>\n","protected":false},"author":1,"featured_media":251278,"comment_status":"open","ping_status":"open","sticky":false,"template":"","format":"standard","meta":{"_lmt_disableupdate":"","_lmt_disable":"","footnotes":""},"categories":[89],"tags":[],"class_list":["post-56389","post","type-post","status-publish","format-standard","has-post-thumbnail","hentry","category-dunya-butun-xeberler"],"_links":{"self":[{"href":"https:\/\/ucnoqta.az\/index.php?rest_route=\/wp\/v2\/posts\/56389","targetHints":{"allow":["GET"]}}],"collection":[{"href":"https:\/\/ucnoqta.az\/index.php?rest_route=\/wp\/v2\/posts"}],"about":[{"href":"https:\/\/ucnoqta.az\/index.php?rest_route=\/wp\/v2\/types\/post"}],"author":[{"embeddable":true,"href":"https:\/\/ucnoqta.az\/index.php?rest_route=\/wp\/v2\/users\/1"}],"replies":[{"embeddable":true,"href":"https:\/\/ucnoqta.az\/index.php?rest_route=%2Fwp%2Fv2%2Fcomments&post=56389"}],"version-history":[{"count":0,"href":"https:\/\/ucnoqta.az\/index.php?rest_route=\/wp\/v2\/posts\/56389\/revisions"}],"wp:featuredmedia":[{"embeddable":true,"href":"https:\/\/ucnoqta.az\/index.php?rest_route=\/wp\/v2\/media\/251278"}],"wp:attachment":[{"href":"https:\/\/ucnoqta.az\/index.php?rest_route=%2Fwp%2Fv2%2Fmedia&parent=56389"}],"wp:term":[{"taxonomy":"category","embeddable":true,"href":"https:\/\/ucnoqta.az\/index.php?rest_route=%2Fwp%2Fv2%2Fcategories&post=56389"},{"taxonomy":"post_tag","embeddable":true,"href":"https:\/\/ucnoqta.az\/index.php?rest_route=%2Fwp%2Fv2%2Ftags&post=56389"}],"curies":[{"name":"wp","href":"https:\/\/api.w.org\/{rel}","templated":true}]}}