{"id":56386,"date":"2018-01-09T10:16:36","date_gmt":"2018-01-09T06:16:36","guid":{"rendered":""},"modified":"-0001-11-30T00:00:00","modified_gmt":"-0001-11-29T20:00:00","slug":"","status":"publish","type":"post","link":"https:\/\/ucnoqta.az\/?p=56386","title":{"rendered":"\u0130ntihar ed\u0259n \u015fairin d\u0259h\u015f\u0259tli statuslar\u0131&#8230; &#8211; <font color=red><b>1 saat \u0259vv\u0259l d\u0259nizd\u0259n \u015f\u0259kil payla\u015fd\u0131<\/b><\/font>"},"content":{"rendered":"<p><strong>D&uuml;n\u0259n &ouml;z&uuml;n&uuml; d\u0259niz\u0259 ataraq intihar ed\u0259n 23 ya\u015fl\u0131 t\u0259l\u0259b\u0259 M\u0259lik Cahangirovla ba\u011fl\u0131 b\u0259zi detallar m\u0259lum olub.<\/strong><br \/>\n&nbsp;<\/p>\n<p>&quot;Ucnoqta.az&quot; &ldquo;Qafqazinfo&rdquo;ya istinad\u0259n x\u0259b\u0259r verir ki, Lerik rayon sakini olan g\u0259nc uzun m&uuml;dd\u0259tdir &ldquo;M\u0259lik Cahan&rdquo; imzas\u0131 il\u0259 \u015feirl\u0259r yaz\u0131rm\u0131\u015f. O, son g&uuml;nl\u0259r sosial \u015f\u0259b\u0259k\u0259d\u0259ki hesab\u0131nda pessimist payla\u015f\u0131mlar edib v\u0259 yax\u0131n dostlar\u0131na &ouml;z&uuml;n&uuml; &ouml;ld&uuml;r\u0259c\u0259yini deyib.&nbsp;<br \/>\n&nbsp;<\/p>\n<p>\u0130ntihar etdiyi g&uuml;n s\u0259h\u0259r saat 10:13-d\u0259 bu m\u0259zmunda status yaz\u0131b: &ldquo;Sabah\u0131n\u0131z xeyir, g&ouml;z\u0259l insanlar. N\u0259 g&ouml;z\u0259l g&uuml;nd&uuml;r bel\u0259&rdquo;. Dostlar\u0131 is\u0259 bundan sonra h\u0259r \u015feyin qaydas\u0131nda getdiyin\u0259 arxay\u0131n olublar, M.Cahan &nbsp;16:45-d\u0259 &ouml;z&uuml;n&uuml; d\u0259niz\u0259 ataraq intihar edib. Yanvar\u0131n 6-s\u0131 saat 12:58-d\u0259 intihar\u0131na &ldquo;52 saat 2 d\u0259qiq\u0259&rdquo; qald\u0131\u011f\u0131n\u0131, yanvar\u0131n 8-i saat 15:59-da is\u0259 &ldquo;1 saat 1 d\u0259qiq\u0259&rdquo; qald\u0131\u011f\u0131n\u0131 &ouml;z hesab\u0131nda yazaraq payla\u015f\u0131b.<br \/>\n&nbsp;<\/p>\n<p>&Ouml;z&uuml;n&uuml; d\u0259niz\u0259 atmadan bir saat &ouml;nc\u0259 intihar ed\u0259c\u0259yi yerin \u015f\u0259klini &ccedil;\u0259k\u0259r\u0259k \u015feirl\u0259 birlikd\u0259 payla\u015f\u0131b.<\/p>\n","protected":false},"excerpt":{"rendered":"<p>D&uuml;n\u0259n &ouml;z&uuml;n&uuml; d\u0259niz\u0259 ataraq intihar ed\u0259n 23 ya\u015fl\u0131 t\u0259l\u0259b\u0259 M\u0259lik Cahangirovla ba\u011fl\u0131 b\u0259zi detallar m\u0259lum olub. &nbsp; &quot;Ucnoqta.az&quot; &ldquo;Qafqazinfo&rdquo;ya istinad\u0259n x\u0259b\u0259r verir ki, Lerik rayon sakini olan g\u0259nc uzun m&uuml;dd\u0259tdir&hellip;<\/p>\n","protected":false},"author":1,"featured_media":251278,"comment_status":"open","ping_status":"open","sticky":false,"template":"","format":"standard","meta":{"_lmt_disableupdate":"","_lmt_disable":"","footnotes":""},"categories":[],"tags":[],"class_list":["post-56386","post","type-post","status-publish","format-standard","has-post-thumbnail","hentry"],"_links":{"self":[{"href":"https:\/\/ucnoqta.az\/index.php?rest_route=\/wp\/v2\/posts\/56386","targetHints":{"allow":["GET"]}}],"collection":[{"href":"https:\/\/ucnoqta.az\/index.php?rest_route=\/wp\/v2\/posts"}],"about":[{"href":"https:\/\/ucnoqta.az\/index.php?rest_route=\/wp\/v2\/types\/post"}],"author":[{"embeddable":true,"href":"https:\/\/ucnoqta.az\/index.php?rest_route=\/wp\/v2\/users\/1"}],"replies":[{"embeddable":true,"href":"https:\/\/ucnoqta.az\/index.php?rest_route=%2Fwp%2Fv2%2Fcomments&post=56386"}],"version-history":[{"count":0,"href":"https:\/\/ucnoqta.az\/index.php?rest_route=\/wp\/v2\/posts\/56386\/revisions"}],"wp:featuredmedia":[{"embeddable":true,"href":"https:\/\/ucnoqta.az\/index.php?rest_route=\/wp\/v2\/media\/251278"}],"wp:attachment":[{"href":"https:\/\/ucnoqta.az\/index.php?rest_route=%2Fwp%2Fv2%2Fmedia&parent=56386"}],"wp:term":[{"taxonomy":"category","embeddable":true,"href":"https:\/\/ucnoqta.az\/index.php?rest_route=%2Fwp%2Fv2%2Fcategories&post=56386"},{"taxonomy":"post_tag","embeddable":true,"href":"https:\/\/ucnoqta.az\/index.php?rest_route=%2Fwp%2Fv2%2Ftags&post=56386"}],"curies":[{"name":"wp","href":"https:\/\/api.w.org\/{rel}","templated":true}]}}