{"id":56384,"date":"2018-01-09T20:20:20","date_gmt":"2018-01-09T16:20:20","guid":{"rendered":""},"modified":"-0001-11-30T00:00:00","modified_gmt":"-0001-11-29T20:00:00","slug":"","status":"publish","type":"post","link":"https:\/\/ucnoqta.az\/?p=56384","title":{"rendered":"Misird\u0259 prezident se\u00e7kil\u0259rinin vaxt\u0131 a\u00e7\u0131qlan\u0131b"},"content":{"rendered":"<p><strong>Misird\u0259 n&ouml;vb\u0259ti prezident se&ccedil;kil\u0259rinin vaxt\u0131 a&ccedil;\u0131qlan\u0131b.<\/strong><\/p>\n<p>&quot;Ucnoqta.az&quot; &ldquo;&Ouml;lk\u0259.Az&rdquo;a istinad\u0259n x\u0259b\u0259r verir ki, bu bar\u0259d\u0259 Misir Milli Se&ccedil;ki \u0130dar\u0259sinin s\u0259dri La\u015fin \u0130brahim m\u0259lumat verib. Onun s&ouml;zl\u0259rin\u0259 g&ouml;r\u0259, martda ke&ccedil;iril\u0259c\u0259k se&ccedil;kil\u0259rin birinci turunun n\u0259tic\u0259l\u0259ri aprelin 2-d\u0259 a&ccedil;\u0131qlanacaq.<\/p>\n<p>&ldquo;Se&ccedil;kil\u0259rin birinci turunda xaricd\u0259 ya\u015fayan v\u0259t\u0259nda\u015flar &uuml;&ccedil;&uuml;n s\u0259sverm\u0259 mart\u0131n 16-da, 17-d\u0259 v\u0259 18-d\u0259 t\u0259\u015fkil olunacaq. Se&ccedil;icil\u0259r mart\u0131n 26-da, 27-d\u0259 v\u0259 28-d\u0259 s\u0259s ver\u0259 bil\u0259c\u0259kl\u0259r. Birinci turda namiz\u0259dl\u0259rd\u0259n biri s\u0259sl\u0259rin 50 faizind\u0259n &ccedil;oxunu toplaya bilm\u0259s\u0259, \u0259n &ccedil;ox s\u0259s alan iki namiz\u0259d ikinci turda m&uuml;bariz\u0259ni davam etdir\u0259c\u0259k. \u0130kinci turda is\u0259 s\u0259sverm\u0259 xaricd\u0259 ya\u015fayan misirlil\u0259r &uuml;&ccedil;&uuml;n aprelin 19-21-d\u0259, &ouml;lk\u0259d\u0259 is\u0259 aprelin 24-26-da ke&ccedil;iril\u0259c\u0259k&rdquo;, &#8211; dey\u0259 La\u015fin \u0130brahim bildirib.<\/p>\n<p>Qeyd ed\u0259k ki, Misir Milli Se&ccedil;ki \u0130dar\u0259si \u0259vv\u0259lki a&ccedil;\u0131qlamada se&ccedil;ici siyah\u0131lar\u0131n\u0131n yenil\u0259n\u0259c\u0259yini, adlar\u0131 terror&ccedil;u siyah\u0131lar\u0131na d&uuml;\u015f\u0259n v\u0259 bar\u0259l\u0259rind\u0259 m\u0259hk\u0259m\u0259 q\u0259rarlar\u0131 olanlar\u0131n siyah\u0131lardan &ccedil;\u0131xar\u0131laca\u011f\u0131n\u0131 b\u0259yan edib. Se&ccedil;kil\u0259rd\u0259 haz\u0131rk\u0131 Prezident \u018fbd&uuml;lf\u0259ttah \u0259s-Sisinin v\u0259 m&uuml;xalif\u0259t f\u0259al\u0131 Xalid \u018flinin namiz\u0259d olaca\u011f\u0131 ehtimal edilir.<\/p>\n","protected":false},"excerpt":{"rendered":"<p>Misird\u0259 n&ouml;vb\u0259ti prezident se&ccedil;kil\u0259rinin vaxt\u0131 a&ccedil;\u0131qlan\u0131b. &quot;Ucnoqta.az&quot; &ldquo;&Ouml;lk\u0259.Az&rdquo;a istinad\u0259n x\u0259b\u0259r verir ki, bu bar\u0259d\u0259 Misir Milli Se&ccedil;ki \u0130dar\u0259sinin s\u0259dri La\u015fin \u0130brahim m\u0259lumat verib. Onun s&ouml;zl\u0259rin\u0259 g&ouml;r\u0259, martda ke&ccedil;iril\u0259c\u0259k se&ccedil;kil\u0259rin birinci&hellip;<\/p>\n","protected":false},"author":1,"featured_media":251278,"comment_status":"open","ping_status":"open","sticky":false,"template":"","format":"standard","meta":{"_lmt_disableupdate":"","_lmt_disable":"","footnotes":""},"categories":[89],"tags":[],"class_list":["post-56384","post","type-post","status-publish","format-standard","has-post-thumbnail","hentry","category-dunya-butun-xeberler"],"_links":{"self":[{"href":"https:\/\/ucnoqta.az\/index.php?rest_route=\/wp\/v2\/posts\/56384","targetHints":{"allow":["GET"]}}],"collection":[{"href":"https:\/\/ucnoqta.az\/index.php?rest_route=\/wp\/v2\/posts"}],"about":[{"href":"https:\/\/ucnoqta.az\/index.php?rest_route=\/wp\/v2\/types\/post"}],"author":[{"embeddable":true,"href":"https:\/\/ucnoqta.az\/index.php?rest_route=\/wp\/v2\/users\/1"}],"replies":[{"embeddable":true,"href":"https:\/\/ucnoqta.az\/index.php?rest_route=%2Fwp%2Fv2%2Fcomments&post=56384"}],"version-history":[{"count":0,"href":"https:\/\/ucnoqta.az\/index.php?rest_route=\/wp\/v2\/posts\/56384\/revisions"}],"wp:featuredmedia":[{"embeddable":true,"href":"https:\/\/ucnoqta.az\/index.php?rest_route=\/wp\/v2\/media\/251278"}],"wp:attachment":[{"href":"https:\/\/ucnoqta.az\/index.php?rest_route=%2Fwp%2Fv2%2Fmedia&parent=56384"}],"wp:term":[{"taxonomy":"category","embeddable":true,"href":"https:\/\/ucnoqta.az\/index.php?rest_route=%2Fwp%2Fv2%2Fcategories&post=56384"},{"taxonomy":"post_tag","embeddable":true,"href":"https:\/\/ucnoqta.az\/index.php?rest_route=%2Fwp%2Fv2%2Ftags&post=56384"}],"curies":[{"name":"wp","href":"https:\/\/api.w.org\/{rel}","templated":true}]}}