{"id":56379,"date":"2018-01-09T18:38:49","date_gmt":"2018-01-09T14:38:49","guid":{"rendered":""},"modified":"-0001-11-30T00:00:00","modified_gmt":"-0001-11-29T20:00:00","slug":"","status":"publish","type":"post","link":"https:\/\/ucnoqta.az\/?p=56379","title":{"rendered":"\u201cMiqrantlar\u0131n k\u00fctl\u0259vi ax\u0131n\u0131n\u0131n qar\u015f\u0131s\u0131 al\u0131nmal\u0131d\u0131r\u201d \u2014 <font color=red><b>Almaniya X\u0130N<\/b><\/font>"},"content":{"rendered":"<p><strong>Avropa \u0130ttifaq\u0131 &uuml;&ccedil;&uuml;nc&uuml; &ouml;lk\u0259l\u0259rd\u0259n miqrantlar\u0131n k&uuml;tl\u0259vi ax\u0131n\u0131n\u0131n qar\u015f\u0131s\u0131n\u0131 almal\u0131d\u0131r.<\/strong><\/p>\n<p>&quot;Ucnoqta.az&quot; &ldquo;&Ouml;lk\u0259.Az&rdquo;a istinad\u0259n x\u0259b\u0259r verir ki, bu bar\u0259d\u0259 Almaniyan\u0131n xarici i\u015fl\u0259r naziri Ziqmar Qabriel bildirib. Onun s&ouml;zl\u0259rin\u0259 g&ouml;r\u0259, Avropa \u0130ttifaq\u0131 &ouml;lk\u0259l\u0259ri qurumun beyn\u0259lxalq arenadak\u0131 m&ouml;vqeyini qoruyub saxlamaq &uuml;&ccedil;&uuml;n fikir ayr\u0131l\u0131\u011f\u0131n\u0131 aradan qald\u0131rmal\u0131d\u0131r.<\/p>\n<p>&ldquo;Haz\u0131rda k&uuml;tl\u0259vi miqrant ax\u0131nlar\u0131n\u0131n qar\u015f\u0131s\u0131n\u0131 almaq laz\u0131md\u0131r. Biz m&uuml;harib\u0259d\u0259n qa&ccedil;an v\u0259 ya yax\u015f\u0131 pay axtar\u0131\u015f\u0131nda olan insanlar\u0131n k&uuml;tl\u0259vi miqrasiya probleminin &ouml;hd\u0259sind\u0259n g&uuml;cl\u0259 g\u0259lirik. H\u0259rd\u0259n el\u0259 g\u0259lir ki, o, Avropa \u0130ttifaq\u0131n\u0131 par&ccedil;alay\u0131r. Biz n&ouml;vb\u0259ti ill\u0259rd\u0259 daxili fikir ayr\u0131l\u0131qlar\u0131n\u0131 d\u0259f etm\u0259li v\u0259 A\u0130-ni b&ouml;y&uuml;k beyn\u0259lxalq oyun&ccedil;uya &ccedil;evirm\u0259liyik&rdquo;, &#8211; dey\u0259 Ziqmar Qabriel bildirib.<\/p>\n<p>Nazir qeyd edib ki, 2015-ci ild\u0259 miqrant ax\u0131nlar\u0131 h\u0259ddi a\u015f\u0131b.<\/p>\n","protected":false},"excerpt":{"rendered":"<p>Avropa \u0130ttifaq\u0131 &uuml;&ccedil;&uuml;nc&uuml; &ouml;lk\u0259l\u0259rd\u0259n miqrantlar\u0131n k&uuml;tl\u0259vi ax\u0131n\u0131n\u0131n qar\u015f\u0131s\u0131n\u0131 almal\u0131d\u0131r. &quot;Ucnoqta.az&quot; &ldquo;&Ouml;lk\u0259.Az&rdquo;a istinad\u0259n x\u0259b\u0259r verir ki, bu bar\u0259d\u0259 Almaniyan\u0131n xarici i\u015fl\u0259r naziri Ziqmar Qabriel bildirib. Onun s&ouml;zl\u0259rin\u0259 g&ouml;r\u0259, Avropa \u0130ttifaq\u0131 &ouml;lk\u0259l\u0259ri&hellip;<\/p>\n","protected":false},"author":1,"featured_media":251278,"comment_status":"open","ping_status":"open","sticky":false,"template":"","format":"standard","meta":{"_lmt_disableupdate":"","_lmt_disable":"","footnotes":""},"categories":[89],"tags":[],"class_list":["post-56379","post","type-post","status-publish","format-standard","has-post-thumbnail","hentry","category-dunya-butun-xeberler"],"_links":{"self":[{"href":"https:\/\/ucnoqta.az\/index.php?rest_route=\/wp\/v2\/posts\/56379","targetHints":{"allow":["GET"]}}],"collection":[{"href":"https:\/\/ucnoqta.az\/index.php?rest_route=\/wp\/v2\/posts"}],"about":[{"href":"https:\/\/ucnoqta.az\/index.php?rest_route=\/wp\/v2\/types\/post"}],"author":[{"embeddable":true,"href":"https:\/\/ucnoqta.az\/index.php?rest_route=\/wp\/v2\/users\/1"}],"replies":[{"embeddable":true,"href":"https:\/\/ucnoqta.az\/index.php?rest_route=%2Fwp%2Fv2%2Fcomments&post=56379"}],"version-history":[{"count":0,"href":"https:\/\/ucnoqta.az\/index.php?rest_route=\/wp\/v2\/posts\/56379\/revisions"}],"wp:featuredmedia":[{"embeddable":true,"href":"https:\/\/ucnoqta.az\/index.php?rest_route=\/wp\/v2\/media\/251278"}],"wp:attachment":[{"href":"https:\/\/ucnoqta.az\/index.php?rest_route=%2Fwp%2Fv2%2Fmedia&parent=56379"}],"wp:term":[{"taxonomy":"category","embeddable":true,"href":"https:\/\/ucnoqta.az\/index.php?rest_route=%2Fwp%2Fv2%2Fcategories&post=56379"},{"taxonomy":"post_tag","embeddable":true,"href":"https:\/\/ucnoqta.az\/index.php?rest_route=%2Fwp%2Fv2%2Ftags&post=56379"}],"curies":[{"name":"wp","href":"https:\/\/api.w.org\/{rel}","templated":true}]}}