{"id":56377,"date":"2018-01-09T09:44:17","date_gmt":"2018-01-09T05:44:17","guid":{"rendered":""},"modified":"-0001-11-30T00:00:00","modified_gmt":"-0001-11-29T20:00:00","slug":"","status":"publish","type":"post","link":"https:\/\/ucnoqta.az\/?p=56377","title":{"rendered":"\u015eimali v\u0259 C\u0259nubi Koreya aras\u0131nda g\u00f6r\u00fc\u015f ba\u015flad\u0131"},"content":{"rendered":"<p><strong>\u015eimali v\u0259 C\u0259nubi Koreya n&uuml;may\u0259nd\u0259 hey\u0259tl\u0259rinin g&ouml;r&uuml;\u015f&uuml; ba\u015flay\u0131b.<\/strong><br \/>\n&nbsp;<\/p>\n<p>&quot;Ucnoqta.az&quot; &ldquo;Qafqazinfo&rdquo;ya istinad\u0259n x\u0259b\u0259r verir ki, bu bar\u0259d\u0259 &ldquo;R&ouml;nhap&rdquo; agentliyi m\u0259lumat yay\u0131b.<br \/>\n&nbsp;<\/p>\n<p>M\u0259lumata \u0259sas\u0259n,t\u0259r\u0259fl\u0259r aras\u0131nda g&ouml;r&uuml;\u015f yerli vaxtla saat 10:00-da (Bak\u0131 vaxt\u0131 il\u0259 05.00-da) ba\u015flay\u0131b. C\u0259nubi Koreya n&uuml;may\u0259nd\u0259 hey\u0259tin\u0259 Milli Birl\u0259\u015fm\u0259 nazirliyinin r\u0259hb\u0259ri &Ccedil;o M&ouml;n G&uuml;n, KXDR-in n&uuml;may\u0259nd\u0259 hey\u0259tin\u0259 is\u0259 S&uuml;lh Birl\u0259\u015fm\u0259si Komit\u0259sinin s\u0259dri Li Son Qvon r\u0259hb\u0259rlik edir. G&ouml;r&uuml;\u015f Pxanmuncomda &#8211; &quot;S&uuml;lh evi&quot; adlanan m\u0259nt\u0259q\u0259d\u0259 qapal\u0131 olaraq ke&ccedil;irilir.<br \/>\n&nbsp;<\/p>\n<p>&Ccedil;o M&ouml;n G&uuml;n s&ouml;zl\u0259rin\u0259 g&ouml;r\u0259, t\u0259r\u0259fl\u0259r \u015eimali Koreya komandas\u0131n\u0131n fevralda ke&ccedil;iril\u0259c\u0259k Olimpiya oyunlar\u0131nda i\u015ftirak\u0131n\u0131 m&uuml;zakir\u0259 ed\u0259c\u0259kl\u0259r.<br \/>\n&nbsp;<\/p>\n<p>Qeyd ed\u0259k ki, bu, 2012-ci ild\u0259n b\u0259ri t\u0259r\u0259fl\u0259r aras\u0131nda ke&ccedil;iril\u0259n ilk g&ouml;r&uuml;\u015fd&uuml;r.<\/p>\n","protected":false},"excerpt":{"rendered":"<p>\u015eimali v\u0259 C\u0259nubi Koreya n&uuml;may\u0259nd\u0259 hey\u0259tl\u0259rinin g&ouml;r&uuml;\u015f&uuml; ba\u015flay\u0131b. &nbsp; &quot;Ucnoqta.az&quot; &ldquo;Qafqazinfo&rdquo;ya istinad\u0259n x\u0259b\u0259r verir ki, bu bar\u0259d\u0259 &ldquo;R&ouml;nhap&rdquo; agentliyi m\u0259lumat yay\u0131b. &nbsp; M\u0259lumata \u0259sas\u0259n,t\u0259r\u0259fl\u0259r aras\u0131nda g&ouml;r&uuml;\u015f yerli vaxtla saat 10:00-da&hellip;<\/p>\n","protected":false},"author":1,"featured_media":251278,"comment_status":"open","ping_status":"open","sticky":false,"template":"","format":"standard","meta":{"_lmt_disableupdate":"","_lmt_disable":"","footnotes":""},"categories":[89],"tags":[],"class_list":["post-56377","post","type-post","status-publish","format-standard","has-post-thumbnail","hentry","category-dunya-butun-xeberler"],"_links":{"self":[{"href":"https:\/\/ucnoqta.az\/index.php?rest_route=\/wp\/v2\/posts\/56377","targetHints":{"allow":["GET"]}}],"collection":[{"href":"https:\/\/ucnoqta.az\/index.php?rest_route=\/wp\/v2\/posts"}],"about":[{"href":"https:\/\/ucnoqta.az\/index.php?rest_route=\/wp\/v2\/types\/post"}],"author":[{"embeddable":true,"href":"https:\/\/ucnoqta.az\/index.php?rest_route=\/wp\/v2\/users\/1"}],"replies":[{"embeddable":true,"href":"https:\/\/ucnoqta.az\/index.php?rest_route=%2Fwp%2Fv2%2Fcomments&post=56377"}],"version-history":[{"count":0,"href":"https:\/\/ucnoqta.az\/index.php?rest_route=\/wp\/v2\/posts\/56377\/revisions"}],"wp:featuredmedia":[{"embeddable":true,"href":"https:\/\/ucnoqta.az\/index.php?rest_route=\/wp\/v2\/media\/251278"}],"wp:attachment":[{"href":"https:\/\/ucnoqta.az\/index.php?rest_route=%2Fwp%2Fv2%2Fmedia&parent=56377"}],"wp:term":[{"taxonomy":"category","embeddable":true,"href":"https:\/\/ucnoqta.az\/index.php?rest_route=%2Fwp%2Fv2%2Fcategories&post=56377"},{"taxonomy":"post_tag","embeddable":true,"href":"https:\/\/ucnoqta.az\/index.php?rest_route=%2Fwp%2Fv2%2Ftags&post=56377"}],"curies":[{"name":"wp","href":"https:\/\/api.w.org\/{rel}","templated":true}]}}