{"id":56374,"date":"2018-01-09T01:04:07","date_gmt":"2018-01-08T21:04:07","guid":{"rendered":""},"modified":"-0001-11-30T00:00:00","modified_gmt":"-0001-11-29T20:00:00","slug":"","status":"publish","type":"post","link":"https:\/\/ucnoqta.az\/?p=56374","title":{"rendered":"<b><font color=red>Banklar\u0131 n\u0259 g\u00f6zl\u0259yir?<\/font><\/b>"},"content":{"rendered":"<p>&ldquo;Bank sektorunda t\u0259mizl\u0259m\u0259l\u0259r&nbsp; davam ed\u0259c\u0259k&rdquo;.&nbsp; Bunu bank sah\u0259si &uuml;zr\u0259 ekspert Zamiq \u015e&uuml;k&uuml;rov bildirib. O, ddeyib ki, 2018-ci il\u0259 bir ne&ccedil;\u0259 g&uuml;n qalm\u0131\u015f, Az\u0259rbaycan\u0131n ilk &ouml;z\u0259l bank\u0131, s\u0259hmdarlar\u0131 s\u0131ras\u0131nda Avropa Yenid\u0259nqurma \u0130nki\u015faf Bank\u0131 (AY\u0130B) kimi n&uuml;fuzlu maliyy\u0259 institutu olan &ldquo;D\u0259mirBank&rdquo; ASC-nin lisenziyas\u0131n\u0131n l\u0259\u011fvi c\u0259miyy\u0259td\u0259 \u015fok effekti yaratd\u0131: &ldquo;Maliyy\u0259 Bazarlar\u0131na N\u0259zar\u0259t Palatas\u0131 (MBNP) &ouml;z s&uuml;rpriz q\u0259rar\u0131 il\u0259 2017-ci il &uuml;zr\u0259 bank sektorunda h\u0259yata ke&ccedil;irdiyi &ldquo;islahatlara&rdquo; bel\u0259 des\u0259k n&ouml;qt\u0259 qoymu\u015f oldu.&nbsp;H\u0259tta iqtisadi krizisd\u0259n &ouml;nc\u0259 d&ouml;vl\u0259t ba\u015f&ccedil;\u0131s\u0131 m&uuml;\u015favir\u0259l\u0259rd\u0259 d\u0259f\u0259l\u0259rl\u0259 banklar\u0131n sa\u011flamla\u015fd\u0131r\u0131lmas\u0131n\u0131, z\u0259if v\u0259 kapital yet\u0259rsizliyi olan banklar\u0131n konsalidasiyaya getm\u0259sini t&ouml;vsiyy\u0259 edirdi. Realll\u0131q budur ki, n\u0259 aidiyyat\u0131 qurumlar, n\u0259 d\u0259 &ouml;z\u0259l banklar t\u0259r\u0259find\u0259n bu istiqam\u0259td\u0259 ciddi add\u0131mlar at\u0131lmad\u0131.&nbsp; N\u0259tic\u0259d\u0259 2 il \u0259rzind\u0259 14 bank l\u0259\u011fv edildi. Bu g&uuml;n d&ouml;vl\u0259tin qar\u015f\u0131s\u0131nda dur\u0259n \u0259sas v\u0259zif\u0259 son iki ildir iqtisadiyyat &uuml;&ccedil;&uuml;n ciddi t\u0259hl&uuml;k\u0259y\u0259 v\u0259 ba\u015f a\u011fr\u0131s\u0131na &ccedil;evrilmi\u015f bank sektorunun t\u0259mizl\u0259nm\u0259si, qlobal iqtisadi prosesl\u0259r\u0259 v\u0259 &ccedil;a\u011f\u0131r\u0131\u015flara &ccedil;evik adaptasiya olunan, sa\u011flam v\u0259 dinamik bank sektorunun formala\u015fd\u0131r\u0131lmas\u0131d\u0131r. Bu m\u0259qs\u0259dl\u0259 Maliyy\u0259 sah\u0259sinin x&uuml;susil\u0259 bank sektorunun q\u0131sa, orta v\u0259 uzunm&uuml;dd\u0259tli olmaqla III m\u0259rh\u0259l\u0259li inki\u015faf konsepsiyas\u0131 olan &ldquo;Az\u0259rbaycan Respublikas\u0131nda maliyy\u0259 xidm\u0259tl\u0259rinin inki\u015faf\u0131na dair Strateji Yol X\u0259rit\u0259si&rdquo; q\u0259bul edilmi\u015f v\u0259 2018-ci il sektorun t\u0259mizl\u0259nm\u0259si, daha d\u0259qiq des\u0259k kapital problemi olan banklar\u0131n restruktrizasiyas\u0131 v\u0259 ya l\u0259\u011fvi &uuml;&ccedil;&uuml;n yekun ildir.&nbsp;<\/p>\n<p>Hal-haz\u0131rda &ouml;lk\u0259d\u0259 f\u0259aliyy\u0259t g&ouml;st\u0259r\u0259n banklar\u0131n say\u0131 30-dur. Hesab edir\u0259m ki, ilin sonuna kimi &ouml;t\u0259n ili b&ouml;y&uuml;k h\u0259cmd\u0259 z\u0259r\u0259rl\u0259 ba\u015fa vurub, kapital problemi olan b\u0259zi banklar konsalidasiyaya getm\u0259s\u0259 bu problemli banklar l\u0259\u011fv olunacaq v\u0259 bel\u0259likl\u0259 inki\u015faf potensial\u0131 olan, xarici v\u0259 daxili \u015foklara qar\u015f\u0131 daha dayan\u0131ql\u0131 v\u0259 sa\u011flam&nbsp; t\u0259qrib\u0259n 25 bankla Strateji Yol X\u0259rit\u0259si &uuml;zr\u0259 h\u0259d\u0259fl\u0259rin n&ouml;vb\u0259ti m\u0259rh\u0259l\u0259l\u0259r &uuml;zr\u0259 icras\u0131 davam etdiril\u0259c\u0259k. Bu is\u0259 &ouml;z n&ouml;vb\u0259sind\u0259 n&ouml;vb\u0259ti ill\u0259rd\u0259 &ouml;lk\u0259d\u0259 iqtisadi inki\u015fafa &ouml;z m&uuml;sb\u0259t t\u0259sirini g&ouml;st\u0259r\u0259c\u0259k&rdquo;.&nbsp;<\/p>\n","protected":false},"excerpt":{"rendered":"<p>&ldquo;Bank sektorunda t\u0259mizl\u0259m\u0259l\u0259r&nbsp; davam ed\u0259c\u0259k&rdquo;.&nbsp; Bunu bank sah\u0259si &uuml;zr\u0259 ekspert Zamiq \u015e&uuml;k&uuml;rov bildirib. O, ddeyib ki, 2018-ci il\u0259 bir ne&ccedil;\u0259 g&uuml;n qalm\u0131\u015f, Az\u0259rbaycan\u0131n ilk &ouml;z\u0259l bank\u0131, s\u0259hmdarlar\u0131 s\u0131ras\u0131nda Avropa Yenid\u0259nqurma&hellip;<\/p>\n","protected":false},"author":1,"featured_media":251278,"comment_status":"open","ping_status":"open","sticky":false,"template":"","format":"standard","meta":{"_lmt_disableupdate":"","_lmt_disable":"","footnotes":""},"categories":[88],"tags":[],"class_list":["post-56374","post","type-post","status-publish","format-standard","has-post-thumbnail","hentry","category-ekonomika"],"_links":{"self":[{"href":"https:\/\/ucnoqta.az\/index.php?rest_route=\/wp\/v2\/posts\/56374","targetHints":{"allow":["GET"]}}],"collection":[{"href":"https:\/\/ucnoqta.az\/index.php?rest_route=\/wp\/v2\/posts"}],"about":[{"href":"https:\/\/ucnoqta.az\/index.php?rest_route=\/wp\/v2\/types\/post"}],"author":[{"embeddable":true,"href":"https:\/\/ucnoqta.az\/index.php?rest_route=\/wp\/v2\/users\/1"}],"replies":[{"embeddable":true,"href":"https:\/\/ucnoqta.az\/index.php?rest_route=%2Fwp%2Fv2%2Fcomments&post=56374"}],"version-history":[{"count":0,"href":"https:\/\/ucnoqta.az\/index.php?rest_route=\/wp\/v2\/posts\/56374\/revisions"}],"wp:featuredmedia":[{"embeddable":true,"href":"https:\/\/ucnoqta.az\/index.php?rest_route=\/wp\/v2\/media\/251278"}],"wp:attachment":[{"href":"https:\/\/ucnoqta.az\/index.php?rest_route=%2Fwp%2Fv2%2Fmedia&parent=56374"}],"wp:term":[{"taxonomy":"category","embeddable":true,"href":"https:\/\/ucnoqta.az\/index.php?rest_route=%2Fwp%2Fv2%2Fcategories&post=56374"},{"taxonomy":"post_tag","embeddable":true,"href":"https:\/\/ucnoqta.az\/index.php?rest_route=%2Fwp%2Fv2%2Ftags&post=56374"}],"curies":[{"name":"wp","href":"https:\/\/api.w.org\/{rel}","templated":true}]}}