{"id":56341,"date":"2018-01-08T23:19:22","date_gmt":"2018-01-08T19:19:22","guid":{"rendered":""},"modified":"-0001-11-30T00:00:00","modified_gmt":"-0001-11-29T20:00:00","slug":"","status":"publish","type":"post","link":"https:\/\/ucnoqta.az\/?p=56341","title":{"rendered":"\u201cKe\u015fl\u0259\u201d bosniya v\u0259 herseqovinal\u0131 futbol\u00e7u al\u0131r?"},"content":{"rendered":"<p><strong>M&ouml;vs&uuml;m&uuml;n ikinci yar\u0131s\u0131na haz\u0131rl\u0131\u011f\u0131 davam etdir\u0259n &quot;Ke\u015fl\u0259&quot; n&ouml;vb\u0259ti transferini etm\u0259y\u0259 haz\u0131rla\u015f\u0131r.<\/strong><br \/>\n&nbsp;<\/p>\n<p>&quot;Ucnoqta.az&quot; &ldquo;Qafqazinfo&rdquo;ya istinad\u0259n x\u0259b\u0259r verir ki, komandan\u0131n maraqland\u0131\u011f\u0131 n&ouml;vb\u0259ti futbol&ccedil;unun ad\u0131 b\u0259lli olub. Paytaxt t\u0259msil&ccedil;isi Bosniya v\u0259 Herseqovinan\u0131n &ldquo;Sloboda Tuzla&rdquo; klubunda &ccedil;\u0131x\u0131\u015f ed\u0259n S&uuml;leyman Krpi&ccedil;\u0259 t\u0259klif g&ouml;nd\u0259rib. Bu bar\u0259d\u0259 yerli m\u0259tbuat m\u0259lumat yay\u0131b.<br \/>\n&nbsp;<\/p>\n<p>Lakin 27 ya\u015fl\u0131 forvarda Qazax\u0131stan\u0131n &quot;\u0130rt\u0131\u015f&quot; v\u0259 Makedoniyan\u0131n &quot;\u015ekendiya&quot; klubu da t\u0259klif g&ouml;nd\u0259rib. Bosniya v\u0259 Herseqovina m\u0259tbuat\u0131n\u0131n m\u0259lumat\u0131na g&ouml;r\u0259 S&uuml;leyman karyeras\u0131n\u0131 &quot;\u015ekendiya&quot;da davam etdirm\u0259y\u0259 daha yax\u0131nd\u0131r.<br \/>\n&nbsp;<\/p>\n<p>Qeyd ed\u0259k ki, Krpi&ccedil; Bosniya v\u0259 Herseqovinan\u0131n U-19 millisind\u0259 &ccedil;\u0131x\u0131\u015f edib. O, &quot;Sloboda Tuzla&quot;da 2017-ci ild\u0259n oynay\u0131r.<\/p>\n","protected":false},"excerpt":{"rendered":"<p>M&ouml;vs&uuml;m&uuml;n ikinci yar\u0131s\u0131na haz\u0131rl\u0131\u011f\u0131 davam etdir\u0259n &quot;Ke\u015fl\u0259&quot; n&ouml;vb\u0259ti transferini etm\u0259y\u0259 haz\u0131rla\u015f\u0131r. &nbsp; &quot;Ucnoqta.az&quot; &ldquo;Qafqazinfo&rdquo;ya istinad\u0259n x\u0259b\u0259r verir ki, komandan\u0131n maraqland\u0131\u011f\u0131 n&ouml;vb\u0259ti futbol&ccedil;unun ad\u0131 b\u0259lli olub. Paytaxt t\u0259msil&ccedil;isi Bosniya v\u0259 Herseqovinan\u0131n&hellip;<\/p>\n","protected":false},"author":1,"featured_media":251278,"comment_status":"open","ping_status":"open","sticky":false,"template":"","format":"standard","meta":{"_lmt_disableupdate":"","_lmt_disable":"","footnotes":""},"categories":[90],"tags":[],"class_list":["post-56341","post","type-post","status-publish","format-standard","has-post-thumbnail","hentry","category-idman-butun-xeberler"],"_links":{"self":[{"href":"https:\/\/ucnoqta.az\/index.php?rest_route=\/wp\/v2\/posts\/56341","targetHints":{"allow":["GET"]}}],"collection":[{"href":"https:\/\/ucnoqta.az\/index.php?rest_route=\/wp\/v2\/posts"}],"about":[{"href":"https:\/\/ucnoqta.az\/index.php?rest_route=\/wp\/v2\/types\/post"}],"author":[{"embeddable":true,"href":"https:\/\/ucnoqta.az\/index.php?rest_route=\/wp\/v2\/users\/1"}],"replies":[{"embeddable":true,"href":"https:\/\/ucnoqta.az\/index.php?rest_route=%2Fwp%2Fv2%2Fcomments&post=56341"}],"version-history":[{"count":0,"href":"https:\/\/ucnoqta.az\/index.php?rest_route=\/wp\/v2\/posts\/56341\/revisions"}],"wp:featuredmedia":[{"embeddable":true,"href":"https:\/\/ucnoqta.az\/index.php?rest_route=\/wp\/v2\/media\/251278"}],"wp:attachment":[{"href":"https:\/\/ucnoqta.az\/index.php?rest_route=%2Fwp%2Fv2%2Fmedia&parent=56341"}],"wp:term":[{"taxonomy":"category","embeddable":true,"href":"https:\/\/ucnoqta.az\/index.php?rest_route=%2Fwp%2Fv2%2Fcategories&post=56341"},{"taxonomy":"post_tag","embeddable":true,"href":"https:\/\/ucnoqta.az\/index.php?rest_route=%2Fwp%2Fv2%2Ftags&post=56341"}],"curies":[{"name":"wp","href":"https:\/\/api.w.org\/{rel}","templated":true}]}}