{"id":56323,"date":"2018-01-08T21:38:39","date_gmt":"2018-01-08T17:38:39","guid":{"rendered":""},"modified":"-0001-11-30T00:00:00","modified_gmt":"-0001-11-29T20:00:00","slug":"","status":"publish","type":"post","link":"https:\/\/ucnoqta.az\/?p=56323","title":{"rendered":"T\u00fcrk rejissorun filmi &#8220;Q\u0131z\u0131l Qlobus&#8221; m\u00fckafat\u0131na layiq g\u00f6r\u00fcl\u00fcb"},"content":{"rendered":"<p><strong>&nbsp;T&uuml;rk rejissor Fatih Ak\u0131n\u0131n &quot;\u0130n The Fade&quot; (Parampar&ccedil;a) filmi &quot;Q\u0131z\u0131l Qlobus&quot; m&uuml;kafat\u0131na layiq g&ouml;r&uuml;l&uuml;b.<\/strong><\/p>\n<p>&quot;Ucnoqta.az&quot; &quot;Report&quot;a&nbsp;istinad\u0259n x\u0259b\u0259r verir ki, rejissorun &quot;\u0130n The Fade&quot; adl\u0131 s\u0259hn\u0259 \u0259s\u0259ri &quot;Xarici dild\u0259 \u0259n yax\u015f\u0131 film&quot; nominasiyas\u0131nda qalib olub.<br \/>\nAlmaniya v\u0259 Fransan\u0131n birg\u0259 istehsal\u0131 olan filmd\u0259 ba\u015f rolu Diane Kruger ifa edib. Aktrisa &quot;\u0130n The Fade&quot;d\u0259ki ifas\u0131na g&ouml;r\u0259 Kann film festival\u0131n\u0131n &quot;\u018fn yax\u015f\u0131 qad\u0131n aktyor&quot; m&uuml;kafat\u0131na layiq g&ouml;r&uuml;lm&uuml;\u015fd&uuml;.<\/p>\n<p>Xronometraj\u0131 106 d\u0259qiq\u0259 olan film alman dilind\u0259dir.<\/p>\n<p>Qeyd ed\u0259k ki, AB\u015e-\u0131n Los-Anceles \u015f\u0259h\u0259rind\u0259 75-ci &quot;Q\u0131z\u0131l Qlobus&quot; m&uuml;kafat\u0131n\u0131n t\u0259qdimetm\u0259 m\u0259rasimi ke&ccedil;irilib. &quot;Xarici dild\u0259 \u0259n yax\u015f\u0131 film&quot; m&uuml;kafat\u0131 F.Ak\u0131na t\u0259qdim olunub. o, &quot;Q\u0131z\u0131l Qlobus&quot; m&uuml;kafat\u0131n\u0131n 75 illik tarixind\u0259 m&uuml;kafat alan ilk t&uuml;rkd&uuml;r.&nbsp;<\/p>\n","protected":false},"excerpt":{"rendered":"<p>&nbsp;T&uuml;rk rejissor Fatih Ak\u0131n\u0131n &quot;\u0130n The Fade&quot; (Parampar&ccedil;a) filmi &quot;Q\u0131z\u0131l Qlobus&quot; m&uuml;kafat\u0131na layiq g&ouml;r&uuml;l&uuml;b. &quot;Ucnoqta.az&quot; &quot;Report&quot;a&nbsp;istinad\u0259n x\u0259b\u0259r verir ki, rejissorun &quot;\u0130n The Fade&quot; adl\u0131 s\u0259hn\u0259 \u0259s\u0259ri &quot;Xarici dild\u0259 \u0259n yax\u015f\u0131&hellip;<\/p>\n","protected":false},"author":1,"featured_media":251278,"comment_status":"open","ping_status":"open","sticky":false,"template":"","format":"standard","meta":{"_lmt_disableupdate":"","_lmt_disable":"","footnotes":""},"categories":[102],"tags":[],"class_list":["post-56323","post","type-post","status-publish","format-standard","has-post-thumbnail","hentry","category-medeniyyet-butun-xeberler"],"_links":{"self":[{"href":"https:\/\/ucnoqta.az\/index.php?rest_route=\/wp\/v2\/posts\/56323","targetHints":{"allow":["GET"]}}],"collection":[{"href":"https:\/\/ucnoqta.az\/index.php?rest_route=\/wp\/v2\/posts"}],"about":[{"href":"https:\/\/ucnoqta.az\/index.php?rest_route=\/wp\/v2\/types\/post"}],"author":[{"embeddable":true,"href":"https:\/\/ucnoqta.az\/index.php?rest_route=\/wp\/v2\/users\/1"}],"replies":[{"embeddable":true,"href":"https:\/\/ucnoqta.az\/index.php?rest_route=%2Fwp%2Fv2%2Fcomments&post=56323"}],"version-history":[{"count":0,"href":"https:\/\/ucnoqta.az\/index.php?rest_route=\/wp\/v2\/posts\/56323\/revisions"}],"wp:featuredmedia":[{"embeddable":true,"href":"https:\/\/ucnoqta.az\/index.php?rest_route=\/wp\/v2\/media\/251278"}],"wp:attachment":[{"href":"https:\/\/ucnoqta.az\/index.php?rest_route=%2Fwp%2Fv2%2Fmedia&parent=56323"}],"wp:term":[{"taxonomy":"category","embeddable":true,"href":"https:\/\/ucnoqta.az\/index.php?rest_route=%2Fwp%2Fv2%2Fcategories&post=56323"},{"taxonomy":"post_tag","embeddable":true,"href":"https:\/\/ucnoqta.az\/index.php?rest_route=%2Fwp%2Fv2%2Ftags&post=56323"}],"curies":[{"name":"wp","href":"https:\/\/api.w.org\/{rel}","templated":true}]}}