{"id":56318,"date":"2018-01-08T21:22:06","date_gmt":"2018-01-08T17:22:06","guid":{"rendered":""},"modified":"-0001-11-30T00:00:00","modified_gmt":"-0001-11-29T20:00:00","slug":"","status":"publish","type":"post","link":"https:\/\/ucnoqta.az\/?p=56318","title":{"rendered":"Yerevanda s\u00fcr\u00fcc\u00fcl\u0259r etiraz edir: &#8220;M\u00fcbariz\u0259ni davam etdir\u0259c\u0259yik&#8221; &#8211; <font color=red><b>FOTO<\/b><\/font>"},"content":{"rendered":"<p><strong>Yerevanda s&uuml;r&uuml;c&uuml;l\u0259r Erm\u0259nistana s&uuml;kan\u0131 sa\u011fda olan avtomobill\u0259rin idxal\u0131na qada\u011fan\u0131 n\u0259z\u0259rd\u0259 tutan qanun layih\u0259sin\u0259 etiraz edirl\u0259r.<\/strong><br \/>\n&nbsp;<\/p>\n<p>&quot;Ucnoqta.az&quot; Trend-\u0259 istinad\u0259n bildirir ki, &ouml;t\u0259n g&uuml;n s&uuml;r&uuml;c&uuml;l\u0259r etiraz m\u0259qs\u0259dil\u0259 avtoy&uuml;r&uuml;\u015f t\u0259\u015fkil edibl\u0259r. Aksiyada t\u0259qrib\u0259n 200 s&uuml;r&uuml;c&uuml; s&uuml;kan\u0131 sa\u011fda olan avtomobili il\u0259 i\u015ftirak edib.<br \/>\n&nbsp;<\/p>\n<p>Erebuni rayonunda avtomobil bazar\u0131ndan ba\u015flayan y&uuml;r&uuml;\u015f paytaxt\u0131n m\u0259rk\u0259zind\u0259, Baqramyan prospektind\u0259 sona &ccedil;at\u0131b.<br \/>\n&nbsp;<\/p>\n<p>Aksiyan\u0131n t\u0259\u015fkilat&ccedil;\u0131lar\u0131ndan biri Arta\u015fes Artenyan bildirib ki, n\u0259qliyyat, rabit\u0259 v\u0259 informasiya texnologiyalar\u0131 naziri Vahan Martirosyanla dan\u0131\u015f\u0131qlar he&ccedil; bir n\u0259tic\u0259 verm\u0259yib: &quot;M&uuml;bariz\u0259ni davam etdir\u0259c\u0259yik&quot;.<br \/>\n&nbsp;<\/p>\n<p>Onun s&ouml;zl\u0259rin\u0259 g&ouml;r\u0259, bu g&uuml;n s&uuml;r&uuml;c&uuml;l\u0259r h&ouml;kum\u0259t binas\u0131n\u0131n qar\u015f\u0131s\u0131na topla\u015facaq v\u0259 ba\u015f nazir Karen Karapetyanla g&ouml;r&uuml;\u015f t\u0259l\u0259b ed\u0259c\u0259kl\u0259r.<br \/>\n&nbsp;<\/p>\n<p>Xat\u0131rladaq ki, qanun layih\u0259si 2018-ci il aprelin 1-d\u0259n &ouml;lk\u0259y\u0259 s&uuml;kan\u0131 sa\u011fda olan avtomobill\u0259rin idxal\u0131na qada\u011fan\u0131 n\u0259z\u0259rd\u0259 tutur. T\u0259\u015f\u0259bb&uuml;s idar\u0259etm\u0259 zaman\u0131 guya t\u0259hl&uuml;k\u0259sizliyi daha y&uuml;ks\u0259k s\u0259viyy\u0259d\u0259 t\u0259min etm\u0259y\u0259 y&ouml;n\u0259lib.<\/p>\n","protected":false},"excerpt":{"rendered":"<p>Yerevanda s&uuml;r&uuml;c&uuml;l\u0259r Erm\u0259nistana s&uuml;kan\u0131 sa\u011fda olan avtomobill\u0259rin idxal\u0131na qada\u011fan\u0131 n\u0259z\u0259rd\u0259 tutan qanun layih\u0259sin\u0259 etiraz edirl\u0259r. &nbsp; &quot;Ucnoqta.az&quot; Trend-\u0259 istinad\u0259n bildirir ki, &ouml;t\u0259n g&uuml;n s&uuml;r&uuml;c&uuml;l\u0259r etiraz m\u0259qs\u0259dil\u0259 avtoy&uuml;r&uuml;\u015f t\u0259\u015fkil edibl\u0259r. Aksiyada&hellip;<\/p>\n","protected":false},"author":1,"featured_media":251278,"comment_status":"open","ping_status":"open","sticky":false,"template":"","format":"standard","meta":{"_lmt_disableupdate":"","_lmt_disable":"","footnotes":""},"categories":[89],"tags":[],"class_list":["post-56318","post","type-post","status-publish","format-standard","has-post-thumbnail","hentry","category-dunya-butun-xeberler"],"_links":{"self":[{"href":"https:\/\/ucnoqta.az\/index.php?rest_route=\/wp\/v2\/posts\/56318","targetHints":{"allow":["GET"]}}],"collection":[{"href":"https:\/\/ucnoqta.az\/index.php?rest_route=\/wp\/v2\/posts"}],"about":[{"href":"https:\/\/ucnoqta.az\/index.php?rest_route=\/wp\/v2\/types\/post"}],"author":[{"embeddable":true,"href":"https:\/\/ucnoqta.az\/index.php?rest_route=\/wp\/v2\/users\/1"}],"replies":[{"embeddable":true,"href":"https:\/\/ucnoqta.az\/index.php?rest_route=%2Fwp%2Fv2%2Fcomments&post=56318"}],"version-history":[{"count":0,"href":"https:\/\/ucnoqta.az\/index.php?rest_route=\/wp\/v2\/posts\/56318\/revisions"}],"wp:featuredmedia":[{"embeddable":true,"href":"https:\/\/ucnoqta.az\/index.php?rest_route=\/wp\/v2\/media\/251278"}],"wp:attachment":[{"href":"https:\/\/ucnoqta.az\/index.php?rest_route=%2Fwp%2Fv2%2Fmedia&parent=56318"}],"wp:term":[{"taxonomy":"category","embeddable":true,"href":"https:\/\/ucnoqta.az\/index.php?rest_route=%2Fwp%2Fv2%2Fcategories&post=56318"},{"taxonomy":"post_tag","embeddable":true,"href":"https:\/\/ucnoqta.az\/index.php?rest_route=%2Fwp%2Fv2%2Ftags&post=56318"}],"curies":[{"name":"wp","href":"https:\/\/api.w.org\/{rel}","templated":true}]}}