{"id":56312,"date":"2018-01-08T20:20:15","date_gmt":"2018-01-08T16:20:15","guid":{"rendered":""},"modified":"-0001-11-30T00:00:00","modified_gmt":"-0001-11-29T20:00:00","slug":"","status":"publish","type":"post","link":"https:\/\/ucnoqta.az\/?p=56312","title":{"rendered":"Macar\u0131stan\u0131n ba\u015f naziri m\u00fcs\u0259lman miqrantlar\u0131 &#8220;i\u015f\u011fal\u00e7\u0131&#8221; adland\u0131r\u0131b"},"content":{"rendered":"<p><strong>Macar\u0131stan\u0131n ba\u015f naziri Viktor Orban Avropaya g\u0259l\u0259n qa&ccedil;q\u0131nlar\u0131 &quot;m&uuml;s\u0259lman i\u015f\u011fal&ccedil;\u0131lar&quot; adland\u0131r\u0131b v\u0259 bildirib ki, &ouml;lk\u0259si g\u0259l\u0259c\u0259kd\u0259 miqrant q\u0259bul etm\u0259k niyy\u0259tind\u0259 deyil.<\/strong><\/p>\n<p>&quot;Ucnoqta.az&quot; &ldquo;Report&rdquo;a istinad\u0259n x\u0259b\u0259r verir ki, bunu o, &quot;Welt&quot; n\u0259\u015frin\u0259 m&uuml;sahib\u0259sind\u0259 deyib.<\/p>\n<p>Macar h&ouml;kum\u0259t ba\u015f&ccedil;\u0131s\u0131n\u0131n fikrinc\u0259, m&uuml;s\u0259lman \u0259halisinin ax\u0131n\u0131 d&ouml;vl\u0259t daxilind\u0259 &quot;paralel c\u0259miyy\u0259tl\u0259r&quot;in yaranmas\u0131na g\u0259tirib &ccedil;\u0131xaracaq.<\/p>\n<p>&quot;Biz bu insanlar\u0131 m&uuml;s\u0259lman qa&ccedil;q\u0131nlar hesab etmirik. Biz onlara m&uuml;s\u0259lman i\u015f\u011fal&ccedil;\u0131lar g&ouml;z&uuml; il\u0259 bax\u0131r\u0131q&quot;, &mdash; dey\u0259 Orban bildirib.<\/p>\n<p>O, h\u0259m&ccedil;inin apar\u0131c\u0131 Avropa d&ouml;vl\u0259tl\u0259ri liderl\u0259rini Macar\u0131stana h&ouml;rm\u0259tl\u0259 yana\u015fma\u011fa &ccedil;a\u011f\u0131r\u0131b. Ba\u015f nazirin s&ouml;zl\u0259rin\u0259 g&ouml;r\u0259, bir &ccedil;ox Avropa \u0130ttifaq\u0131 &ouml;lk\u0259l\u0259ri macar h&ouml;kum\u0259tini A\u0130-nin Birlik Fondundan v\u0259sait almaqda, lakin qa&ccedil;q\u0131n q\u0259bulundan imtina etm\u0259kd\u0259 g&uuml;nahland\u0131r\u0131r. Lakin Orban qeyd edib ki, bu qurumdan Macar\u0131stana ayr\u0131lan v\u0259sait he&ccedil; bir halda qa&ccedil;q\u0131n m\u0259s\u0259l\u0259si il\u0259 ba\u011fl\u0131 deyil, &quot;\u0259dal\u0259tli balans&quot;\u0131n olmas\u0131 il\u0259 \u0259laq\u0259dard\u0131r, &ccedil;&uuml;nki Macar\u0131stan t\u0259r\u0259fi &ouml;z bazar\u0131n\u0131 azad r\u0259qab\u0259t &uuml;&ccedil;&uuml;n a&ccedil;\u0131b.<\/p>\n","protected":false},"excerpt":{"rendered":"<p>Macar\u0131stan\u0131n ba\u015f naziri Viktor Orban Avropaya g\u0259l\u0259n qa&ccedil;q\u0131nlar\u0131 &quot;m&uuml;s\u0259lman i\u015f\u011fal&ccedil;\u0131lar&quot; adland\u0131r\u0131b v\u0259 bildirib ki, &ouml;lk\u0259si g\u0259l\u0259c\u0259kd\u0259 miqrant q\u0259bul etm\u0259k niyy\u0259tind\u0259 deyil. &quot;Ucnoqta.az&quot; &ldquo;Report&rdquo;a istinad\u0259n x\u0259b\u0259r verir ki, bunu o, &quot;Welt&quot;&hellip;<\/p>\n","protected":false},"author":1,"featured_media":251278,"comment_status":"open","ping_status":"open","sticky":false,"template":"","format":"standard","meta":{"_lmt_disableupdate":"","_lmt_disable":"","footnotes":""},"categories":[],"tags":[],"class_list":["post-56312","post","type-post","status-publish","format-standard","has-post-thumbnail","hentry"],"_links":{"self":[{"href":"https:\/\/ucnoqta.az\/index.php?rest_route=\/wp\/v2\/posts\/56312","targetHints":{"allow":["GET"]}}],"collection":[{"href":"https:\/\/ucnoqta.az\/index.php?rest_route=\/wp\/v2\/posts"}],"about":[{"href":"https:\/\/ucnoqta.az\/index.php?rest_route=\/wp\/v2\/types\/post"}],"author":[{"embeddable":true,"href":"https:\/\/ucnoqta.az\/index.php?rest_route=\/wp\/v2\/users\/1"}],"replies":[{"embeddable":true,"href":"https:\/\/ucnoqta.az\/index.php?rest_route=%2Fwp%2Fv2%2Fcomments&post=56312"}],"version-history":[{"count":0,"href":"https:\/\/ucnoqta.az\/index.php?rest_route=\/wp\/v2\/posts\/56312\/revisions"}],"wp:featuredmedia":[{"embeddable":true,"href":"https:\/\/ucnoqta.az\/index.php?rest_route=\/wp\/v2\/media\/251278"}],"wp:attachment":[{"href":"https:\/\/ucnoqta.az\/index.php?rest_route=%2Fwp%2Fv2%2Fmedia&parent=56312"}],"wp:term":[{"taxonomy":"category","embeddable":true,"href":"https:\/\/ucnoqta.az\/index.php?rest_route=%2Fwp%2Fv2%2Fcategories&post=56312"},{"taxonomy":"post_tag","embeddable":true,"href":"https:\/\/ucnoqta.az\/index.php?rest_route=%2Fwp%2Fv2%2Ftags&post=56312"}],"curies":[{"name":"wp","href":"https:\/\/api.w.org\/{rel}","templated":true}]}}