{"id":56309,"date":"2018-01-08T19:20:00","date_gmt":"2018-01-08T15:20:00","guid":{"rendered":""},"modified":"-0001-11-30T00:00:00","modified_gmt":"-0001-11-29T20:00:00","slug":"","status":"publish","type":"post","link":"https:\/\/ucnoqta.az\/?p=56309","title":{"rendered":"Q\u0259b\u0259l\u0259d\u0259 Milad bayram\u0131&#8230; &#8211; <font color=red><b>Fotolar<\/b><\/font>"},"content":{"rendered":"<p><strong>D&uuml;n\u0259n b&uuml;t&uuml;n d&uuml;nyada pravoslav xristianlar\u0131 t\u0259r\u0259find\u0259n \u0130sa pey\u011f\u0259mb\u0259rin m&ouml;vludu g&uuml;n&uuml;, y\u0259ni Milad bayram\u0131 qeyd olunub. Q\u0259b\u0259l\u0259 rayonunun Nic q\u0259s\u0259b\u0259sinin sakinl\u0259ri olan udil\u0259r d\u0259 bu g&uuml;n&uuml; &ouml;z&uuml;n\u0259m\u0259xsus \u015f\u0259kild\u0259 qeyd edibl\u0259r.<\/strong><br \/>\n&nbsp;<\/p>\n<p>&quot;Ucnoqta.az&quot; Az\u0259rtac-a istinad\u0259n x\u0259b\u0259r verir ki, udil\u0259r &ldquo;Cotari&rdquo; alban kils\u0259sind\u0259 t\u0259\u015fkil olunan bayram m\u0259rasimin\u0259 topla\u015f\u0131blar. T\u0259dbird\u0259 Alban-Udi dini icmas\u0131n\u0131n r\u0259hb\u0259ri, kils\u0259nin ke\u015fi\u015fi v\u0259 icman\u0131n &uuml;zvl\u0259ri &ccedil;\u0131x\u0131\u015f ed\u0259r\u0259k Milad bayram\u0131n\u0131n mahiyy\u0259tind\u0259n dan\u0131\u015f\u0131blar.&nbsp;<br \/>\n&nbsp;<\/p>\n<p>Udil\u0259r rayonda onlara qar\u015f\u0131 he&ccedil; bir ayr\u0131-se&ccedil;kiliyin olmad\u0131\u011f\u0131n\u0131, Nicd\u0259ki &ldquo;Cotari&rdquo; alban kils\u0259sinin \u0259sasl\u0131 \u015f\u0259kild\u0259 b\u0259rpas\u0131n\u0131 tolerantl\u0131\u011fa g&ouml;z\u0259l n&uuml;mun\u0259 oldu\u011funu qeyd edibl\u0259r.&nbsp;<br \/>\n&nbsp;<\/p>\n<p>M\u0259lumat verilib ki, Nic q\u0259s\u0259b\u0259sind\u0259 &uuml;&ccedil; kils\u0259 v\u0259 iki m\u0259scid var. Alt\u0131 min n\u0259f\u0259r \u0259halisi olan Nic q\u0259s\u0259b\u0259sind\u0259 3700 udin ya\u015fay\u0131r. &Uuml;mumilikd\u0259 is\u0259 &ouml;lk\u0259mizd\u0259 4000 n\u0259f\u0259r udin ya\u015fay\u0131r ki, onlar\u0131n 300-&uuml; O\u011fuz v\u0259 Bak\u0131da qeydiyyatdad\u0131r. D&uuml;nyada ya\u015fayan udinl\u0259rin say\u0131 is\u0259 10 min\u0259 yax\u0131nd\u0131r. Q\u0259s\u0259b\u0259d\u0259 udinl\u0259r &ouml;z dilini, dinini, ad\u0259t-\u0259n\u0259n\u0259l\u0259rini 2500 ildir ki, qoruyub saxlay\u0131rlar. Nicd\u0259ki m\u0259kt\u0259bl\u0259rin ibtidai sinifl\u0259rind\u0259 udin dili t\u0259dris olunur, kils\u0259d\u0259 dini ayinl\u0259r onlar\u0131n ana dilind\u0259 icra edilir.<br \/>\n&nbsp;<\/p>\n<p>Qeyd edilib ki, ke&ccedil;mi\u015f sovetl\u0259r d&ouml;vr&uuml;nd\u0259 udil\u0259r\u0259 &ouml;z milli bayramlar\u0131n\u0131 qeyd etm\u0259k qada\u011fan olunub. Ancaq &ouml;lk\u0259miz m&uuml;st\u0259qillik \u0259ld\u0259 etdikd\u0259n sonra onlar etnik xalq olaraq &ouml;z bayramlar\u0131n\u0131 h\u0259r il qeyd edirl\u0259r.&nbsp;<br \/>\n&nbsp;<\/p>\n<p>&Ccedil;\u0131x\u0131\u015flardan sonra kils\u0259d\u0259 \u015famlar yand\u0131r\u0131l\u0131b, dualar oxunub, bayram s&uuml;fr\u0259si a&ccedil;\u0131l\u0131b.<\/p>\n","protected":false},"excerpt":{"rendered":"<p>D&uuml;n\u0259n b&uuml;t&uuml;n d&uuml;nyada pravoslav xristianlar\u0131 t\u0259r\u0259find\u0259n \u0130sa pey\u011f\u0259mb\u0259rin m&ouml;vludu g&uuml;n&uuml;, y\u0259ni Milad bayram\u0131 qeyd olunub. Q\u0259b\u0259l\u0259 rayonunun Nic q\u0259s\u0259b\u0259sinin sakinl\u0259ri olan udil\u0259r d\u0259 bu g&uuml;n&uuml; &ouml;z&uuml;n\u0259m\u0259xsus \u015f\u0259kild\u0259 qeyd edibl\u0259r. &nbsp;&hellip;<\/p>\n","protected":false},"author":1,"featured_media":251278,"comment_status":"open","ping_status":"open","sticky":false,"template":"","format":"standard","meta":{"_lmt_disableupdate":"","_lmt_disable":"","footnotes":""},"categories":[102],"tags":[],"class_list":["post-56309","post","type-post","status-publish","format-standard","has-post-thumbnail","hentry","category-medeniyyet-butun-xeberler"],"_links":{"self":[{"href":"https:\/\/ucnoqta.az\/index.php?rest_route=\/wp\/v2\/posts\/56309","targetHints":{"allow":["GET"]}}],"collection":[{"href":"https:\/\/ucnoqta.az\/index.php?rest_route=\/wp\/v2\/posts"}],"about":[{"href":"https:\/\/ucnoqta.az\/index.php?rest_route=\/wp\/v2\/types\/post"}],"author":[{"embeddable":true,"href":"https:\/\/ucnoqta.az\/index.php?rest_route=\/wp\/v2\/users\/1"}],"replies":[{"embeddable":true,"href":"https:\/\/ucnoqta.az\/index.php?rest_route=%2Fwp%2Fv2%2Fcomments&post=56309"}],"version-history":[{"count":0,"href":"https:\/\/ucnoqta.az\/index.php?rest_route=\/wp\/v2\/posts\/56309\/revisions"}],"wp:featuredmedia":[{"embeddable":true,"href":"https:\/\/ucnoqta.az\/index.php?rest_route=\/wp\/v2\/media\/251278"}],"wp:attachment":[{"href":"https:\/\/ucnoqta.az\/index.php?rest_route=%2Fwp%2Fv2%2Fmedia&parent=56309"}],"wp:term":[{"taxonomy":"category","embeddable":true,"href":"https:\/\/ucnoqta.az\/index.php?rest_route=%2Fwp%2Fv2%2Fcategories&post=56309"},{"taxonomy":"post_tag","embeddable":true,"href":"https:\/\/ucnoqta.az\/index.php?rest_route=%2Fwp%2Fv2%2Ftags&post=56309"}],"curies":[{"name":"wp","href":"https:\/\/api.w.org\/{rel}","templated":true}]}}