{"id":56305,"date":"2018-01-08T18:20:06","date_gmt":"2018-01-08T14:20:06","guid":{"rendered":""},"modified":"-0001-11-30T00:00:00","modified_gmt":"-0001-11-29T20:00:00","slug":"","status":"publish","type":"post","link":"https:\/\/ucnoqta.az\/?p=56305","title":{"rendered":"\u0130ddia: T\u00fcrkiy\u0259 q\u0131r\u0131c\u0131lar\u0131n\u0131n UNO g\u00f6rm\u0259si uzun ill\u0259r m\u0259xfi saxlan\u0131l\u0131b"},"content":{"rendered":"<p><strong>T&uuml;rkiy\u0259 q\u0131r\u0131c\u0131lar\u0131 Suriya s\u0259rh\u0259dind\u0259 u&ccedil;an nam\u0259lum obyekt (UNO) qeyd\u0259 al\u0131b.<\/strong><br \/>\n&nbsp;<\/p>\n<p>&quot;Ucnoqta.az&quot; x\u0259b\u0259r verir ki,&nbsp;bu bar\u0259d\u0259 istefada olan general-leytenant Do\u011fan Temel bildirib.<br \/>\n&nbsp;<\/p>\n<p>O bildirib ki, Suriya s\u0259rh\u0259dind\u0259 havada radarlar\u0131n qeyd\u0259 al\u0131nd\u0131\u011f\u0131 i\u015f\u0131ldayan obyektl\u0259rin g&ouml;r&uuml;nm\u0259si il\u0259 \u0259vv\u0259lc\u0259 T&uuml;rkiy\u0259 q\u0131r\u0131c\u0131lar\u0131, daha sonra d\u0259st\u0259k &uuml;&ccedil;&uuml;n helikopterl\u0259r s\u0259maya qald\u0131r\u0131l\u0131b.<br \/>\n&nbsp;<\/p>\n<p>D.Temel qeyd edib ki, hadis\u0259 1999-cu ild\u0259 qeyd\u0259 al\u0131nsa da, bu, uzun ill\u0259r m\u0259xfi saxlan\u0131l\u0131b.<br \/>\n&nbsp;<\/p>\n<p>O, s&ouml;zl\u0259rini t\u0259sdiq ed\u0259c\u0259k foto v\u0259 video materiallar\u0131n oldu\u011funu vur\u011fulay\u0131b.<br \/>\n&nbsp;<\/p>\n<p>Qeyd ed\u0259k ki, D.Temelin iddias\u0131 r\u0259smi olaraq h\u0259l\u0259 t\u0259sdiqini tapmay\u0131b.<\/p>\n<p>\/\/Trend\/\/<br \/>\n&nbsp;<\/p>\n","protected":false},"excerpt":{"rendered":"<p>T&uuml;rkiy\u0259 q\u0131r\u0131c\u0131lar\u0131 Suriya s\u0259rh\u0259dind\u0259 u&ccedil;an nam\u0259lum obyekt (UNO) qeyd\u0259 al\u0131b. &nbsp; &quot;Ucnoqta.az&quot; x\u0259b\u0259r verir ki,&nbsp;bu bar\u0259d\u0259 istefada olan general-leytenant Do\u011fan Temel bildirib. &nbsp; O bildirib ki, Suriya s\u0259rh\u0259dind\u0259 havada radarlar\u0131n&hellip;<\/p>\n","protected":false},"author":1,"featured_media":251278,"comment_status":"open","ping_status":"open","sticky":false,"template":"","format":"standard","meta":{"_lmt_disableupdate":"","_lmt_disable":"","footnotes":""},"categories":[89],"tags":[],"class_list":["post-56305","post","type-post","status-publish","format-standard","has-post-thumbnail","hentry","category-dunya-butun-xeberler"],"_links":{"self":[{"href":"https:\/\/ucnoqta.az\/index.php?rest_route=\/wp\/v2\/posts\/56305","targetHints":{"allow":["GET"]}}],"collection":[{"href":"https:\/\/ucnoqta.az\/index.php?rest_route=\/wp\/v2\/posts"}],"about":[{"href":"https:\/\/ucnoqta.az\/index.php?rest_route=\/wp\/v2\/types\/post"}],"author":[{"embeddable":true,"href":"https:\/\/ucnoqta.az\/index.php?rest_route=\/wp\/v2\/users\/1"}],"replies":[{"embeddable":true,"href":"https:\/\/ucnoqta.az\/index.php?rest_route=%2Fwp%2Fv2%2Fcomments&post=56305"}],"version-history":[{"count":0,"href":"https:\/\/ucnoqta.az\/index.php?rest_route=\/wp\/v2\/posts\/56305\/revisions"}],"wp:featuredmedia":[{"embeddable":true,"href":"https:\/\/ucnoqta.az\/index.php?rest_route=\/wp\/v2\/media\/251278"}],"wp:attachment":[{"href":"https:\/\/ucnoqta.az\/index.php?rest_route=%2Fwp%2Fv2%2Fmedia&parent=56305"}],"wp:term":[{"taxonomy":"category","embeddable":true,"href":"https:\/\/ucnoqta.az\/index.php?rest_route=%2Fwp%2Fv2%2Fcategories&post=56305"},{"taxonomy":"post_tag","embeddable":true,"href":"https:\/\/ucnoqta.az\/index.php?rest_route=%2Fwp%2Fv2%2Ftags&post=56305"}],"curies":[{"name":"wp","href":"https:\/\/api.w.org\/{rel}","templated":true}]}}