{"id":53050,"date":"2017-11-24T10:49:41","date_gmt":"2017-11-24T06:49:41","guid":{"rendered":""},"modified":"-0001-11-30T00:00:00","modified_gmt":"-0001-11-29T20:00:00","slug":"","status":"publish","type":"post","link":"https:\/\/ucnoqta.az\/?p=53050","title":{"rendered":"Az\u0259rbaycanla s\u0259rh\u0259dd\u0259 at\u0131\u015fma &#8211;<font color=red><b>Deputat \u00f6ld\u00fc yaralananlar var -D\u0130N<\/b><\/font>"},"content":{"rendered":"<p><strong>Da\u011f\u0131stan\u0131n Az\u0259rbaycanla h\u0259ms\u0259rh\u0259d M\u0259h\u0259rr\u0259mk\u0259nd rayonunda at\u0131\u015fma olub.<\/strong><\/p>\n<p>&nbsp;<\/p>\n<p><strong>&ldquo;Ucnoqta.az&rdquo;<\/strong> x\u0259b\u0259r verir ki, &ldquo;Qafqazinfo&rdquo;nun &ldquo;Ria Novosti&rdquo;y\u0259 istinad\u0259n verdiyi m\u0259lumata g&ouml;r\u0259, hadis\u0259 n\u0259tic\u0259sind\u0259 2 n\u0259f\u0259r &ouml;l&uuml;b. Bu bar\u0259d\u0259 rayonun ba\u015f&ccedil;\u0131s\u0131 F\u0259rid \u018fhm\u0259dov bildirib.<\/p>\n<p>Onun s&ouml;zl\u0259rin\u0259 g&ouml;r\u0259, q\u0259tl\u0259 yetiril\u0259nl\u0259rd\u0259n biri rayon \u015furas\u0131n\u0131n deputat\u0131 Eldar Yaraliyevdir.<\/p>\n<p>Da\u011f\u0131stan Daxili \u0130\u015fl\u0259r Nazirliyinin r\u0259smi n&uuml;may\u0259nd\u0259si insident n\u0259tic\u0259sind\u0259 3 n\u0259f\u0259rin x\u0259sar\u0259t ald\u0131\u011f\u0131n\u0131 s&ouml;yl\u0259yib.<\/p>\n<p>S\u0259hiyy\u0259 Nazirliyind\u0259n bildirilib ki, yaral\u0131 \u015f\u0259xsl\u0259rd\u0259n ikisinin v\u0259ziyy\u0259ti orta a\u011f\u0131rd\u0131r.<\/p>\n<p>At\u0259\u015f a&ccedil;an \u015f\u0259xsl\u0259rd\u0259n biri saxlan\u0131l\u0131b, ikisi is\u0259 hadis\u0259 yerind\u0259n qa&ccedil;\u0131b.&nbsp;<\/p>\n<p>M&uuml;naqi\u015f\u0259d\u0259 8 n\u0259f\u0259r i\u015ftirak edib.<\/p>\n<p>Faktla ba\u011fl\u0131 ara\u015fd\u0131rma apar\u0131l\u0131r.<\/p>\n<p>***<\/p>\n<p>&ldquo;Tass.ru&rdquo; x\u0259b\u0259r verir ki, silahl\u0131 insidentl\u0259 ba\u011fl\u0131 6 n\u0259f\u0259r saxlan\u0131l\u0131b.&nbsp;<\/p>\n<p>&ldquo;Konfliktd\u0259 15-\u0259 yax\u0131n \u015f\u0259xs i\u015ftirak edib. Onlardan ikisi &ouml;l&uuml;b, ikisi x\u0259st\u0259xanadad\u0131r, alt\u0131s\u0131 is\u0259 saxlan\u0131l\u0131b&rdquo;,- dey\u0259 D\u0130N-d\u0259n olan m\u0259nb\u0259 bildirib.<\/p>\n<p>&nbsp;<\/p>\n<p>&nbsp;<\/p>\n<p>&nbsp;<\/p>\n","protected":false},"excerpt":{"rendered":"<p>Da\u011f\u0131stan\u0131n Az\u0259rbaycanla h\u0259ms\u0259rh\u0259d M\u0259h\u0259rr\u0259mk\u0259nd rayonunda at\u0131\u015fma olub. &nbsp; &ldquo;Ucnoqta.az&rdquo; x\u0259b\u0259r verir ki, &ldquo;Qafqazinfo&rdquo;nun &ldquo;Ria Novosti&rdquo;y\u0259 istinad\u0259n verdiyi m\u0259lumata g&ouml;r\u0259, hadis\u0259 n\u0259tic\u0259sind\u0259 2 n\u0259f\u0259r &ouml;l&uuml;b. Bu bar\u0259d\u0259 rayonun ba\u015f&ccedil;\u0131s\u0131 F\u0259rid \u018fhm\u0259dov&hellip;<\/p>\n","protected":false},"author":1,"featured_media":251278,"comment_status":"open","ping_status":"open","sticky":false,"template":"","format":"standard","meta":{"_lmt_disableupdate":"","_lmt_disable":"","footnotes":""},"categories":[],"tags":[],"class_list":["post-53050","post","type-post","status-publish","format-standard","has-post-thumbnail","hentry"],"_links":{"self":[{"href":"https:\/\/ucnoqta.az\/index.php?rest_route=\/wp\/v2\/posts\/53050","targetHints":{"allow":["GET"]}}],"collection":[{"href":"https:\/\/ucnoqta.az\/index.php?rest_route=\/wp\/v2\/posts"}],"about":[{"href":"https:\/\/ucnoqta.az\/index.php?rest_route=\/wp\/v2\/types\/post"}],"author":[{"embeddable":true,"href":"https:\/\/ucnoqta.az\/index.php?rest_route=\/wp\/v2\/users\/1"}],"replies":[{"embeddable":true,"href":"https:\/\/ucnoqta.az\/index.php?rest_route=%2Fwp%2Fv2%2Fcomments&post=53050"}],"version-history":[{"count":0,"href":"https:\/\/ucnoqta.az\/index.php?rest_route=\/wp\/v2\/posts\/53050\/revisions"}],"wp:featuredmedia":[{"embeddable":true,"href":"https:\/\/ucnoqta.az\/index.php?rest_route=\/wp\/v2\/media\/251278"}],"wp:attachment":[{"href":"https:\/\/ucnoqta.az\/index.php?rest_route=%2Fwp%2Fv2%2Fmedia&parent=53050"}],"wp:term":[{"taxonomy":"category","embeddable":true,"href":"https:\/\/ucnoqta.az\/index.php?rest_route=%2Fwp%2Fv2%2Fcategories&post=53050"},{"taxonomy":"post_tag","embeddable":true,"href":"https:\/\/ucnoqta.az\/index.php?rest_route=%2Fwp%2Fv2%2Ftags&post=53050"}],"curies":[{"name":"wp","href":"https:\/\/api.w.org\/{rel}","templated":true}]}}