{"id":53047,"date":"2017-11-24T10:57:28","date_gmt":"2017-11-24T06:57:28","guid":{"rendered":""},"modified":"-0001-11-30T00:00:00","modified_gmt":"-0001-11-29T20:00:00","slug":"","status":"publish","type":"post","link":"https:\/\/ucnoqta.az\/?p=53047","title":{"rendered":"<font color=red><b>X\u0130N<\/b><\/font>: &#8220;B\u00fct\u00fcn d\u00fcnya d\u00f6vl\u0259tl\u0259ri kimi Az\u0259rbaycan\u0131n da \u00f6z\u00fcn\u00fc m\u00fcdafi\u0259 etm\u0259k h\u00fcququ var&#8221;"},"content":{"rendered":"<p><strong>B&uuml;t&uuml;n d&uuml;nya d&ouml;vl\u0259tl\u0259ri kimi Az\u0259rbaycan\u0131n da &ouml;z&uuml;n&uuml; m&uuml;dafi\u0259 etm\u0259k h&uuml;ququ var. Ucnoqta.az x\u0259b\u0259r verir ki, Az\u0259rbaycan Xarici \u0130\u015fl\u0259r Naziriyind\u0259n (X\u0130N) Trend-\u0259 veril\u0259n m\u0259lumata g&ouml;r\u0259, bunu X\u0130N-nin M\u0259tbuat xidm\u0259tinin r\u0259hb\u0259ri Hikm\u0259t Hac\u0131yev Portuqaliyan\u0131n &ldquo;Diario de noticias Mundo&rdquo; portal\u0131na &ldquo;Erm\u0259nistan d&uuml;nyada yegan\u0259 mono-etnik d&ouml;vl\u0259tdir&rdquo; adl\u0131 m&uuml;sahib\u0259sind\u0259 deyib.<\/strong><\/p>\n<p>\nX\u0130N r\u0259smisi bildirib ki, Erm\u0259nistan g&uuml;cd\u0259n istifad\u0259 ed\u0259r\u0259k i\u015f\u011fal etdiyi Az\u0259rbaycan \u0259razil\u0259rind\u0259 etnik t\u0259mizl\u0259m\u0259 apar\u0131b v\u0259 t\u0259xmin\u0259n bir milyondan art\u0131q az\u0259rbaycanl\u0131 yurdundan did\u0259rgin sal\u0131n\u0131b.<\/p>\n<p>H.Hac\u0131yev qeyd edib ki, Az\u0259rbaycan \u0259razil\u0259rinin i\u015f\u011fal\u0131 v\u0259 Erm\u0259nistan silahl\u0131 q&uuml;vv\u0259l\u0259rinin &ouml;lk\u0259mizin i\u015f\u011fal olunmu\u015f \u0259razil\u0259rind\u0259 qeyri-qanuni m&ouml;vcudlu\u011funa g&ouml;r\u0259, h\u0259r g&uuml;n at\u0259\u015fk\u0259s pozulur v\u0259 bu, insan t\u0259l\u0259fat\u0131na s\u0259b\u0259b olur: &quot;Ona g&ouml;r\u0259 d\u0259 ilk n&ouml;vb\u0259d\u0259 Erm\u0259nistan qo\u015funlar\u0131n\u0131n Az\u0259rbaycan\u0131n i\u015f\u011fal olunmu\u015f \u0259razil\u0259rind\u0259n &ccedil;\u0131xar\u0131lmas\u0131 t\u0259min olunmal\u0131d\u0131r. \u0130lk n&ouml;vb\u0259d\u0259 i\u015f\u011fal fakt\u0131na son qoyulmal\u0131 v\u0259 Erm\u0259nistan qo\u015funlar\u0131 qeyd-\u015f\u0259rtsiz Az\u0259rbaycan\u0131n i\u015f\u011fal olunmu\u015f torpaqlar\u0131ndan m&uuml;tl\u0259q &ccedil;\u0131xar\u0131lmal\u0131d\u0131r&quot;.<\/p>\n<p>O bildirib ki, \u0259n \u0259vv\u0259l Erm\u0259nistan i\u015f\u011fal&ccedil;\u0131l\u0131q siyas\u0259tind\u0259n \u0259l &ccedil;\u0259km\u0259lidir: &quot;Hans\u0131 &ouml;lk\u0259 raz\u0131la\u015far ki, onun \u0259razisi g&uuml;c yolu il\u0259 dig\u0259r d&ouml;vl\u0259t t\u0259r\u0259find\u0259n i\u015f\u011fal olunsun? BMT-nin T\u0259hl&uuml;k\u0259sizlik \u015euras\u0131n\u0131n q\u0259bul etdiyi d&ouml;rd q\u0259tnam\u0259 Erm\u0259nistan\u0131n i\u015f\u011fal&ccedil;\u0131 q&uuml;vv\u0259l\u0259rinin qeyd-\u015f\u0259rtsiz v\u0259 tam \u015f\u0259kild\u0259 Az\u0259rbaycan torpaqlar\u0131ndan &ccedil;\u0131xar\u0131lmas\u0131n\u0131 t\u0259l\u0259b edir. \u0130\u015f\u011fala son qoyulmal\u0131, m\u0259cbur k&ouml;&ccedil;k&uuml;nl\u0259rin &ouml;z torpaqlar\u0131na qay\u0131tmas\u0131 t\u0259min olunmal\u0131d\u0131r. Beyn\u0259lxalq h&uuml;quqa \u0259sas\u0259n, d&ouml;vl\u0259tl\u0259rin beyn\u0259lxalq s\u0259viyy\u0259d\u0259 tan\u0131nm\u0131\u015f s\u0259rh\u0259dl\u0259ri g&uuml;c yolu il\u0259 d\u0259yi\u015fdiril\u0259 bilm\u0259z. Erm\u0259nistan da anlamal\u0131d\u0131r ki, bu feodal qaydalar 21-ci \u0259srd\u0259 yolverilm\u0259zdir. Erm\u0259nistan dig\u0259r &ouml;lk\u0259nin \u0259razini i\u015f\u011fal edib, Az\u0259rbaycan \u0259halisin\u0259 qar\u015f\u0131 q\u0259sb edilmi\u015f \u0259razil\u0259rd\u0259 etnik t\u0259mizl\u0259m\u0259 apar\u0131b, m&uuml;lki \u0259mlak\u0131 da\u011f\u0131d\u0131b v\u0259 sonra bunun n\u0259tic\u0259l\u0259rini &ouml;z m&uuml;q\u0259dd\u0259rat\u0131n\u0131 t\u0259yinetm\u0259 kimi t\u0259qdim edir. \u018fg\u0259r Erm\u0259nistan qo\u015funlar\u0131 i\u015f\u011fal olunmu\u015f Az\u0259rbaycan \u0259razil\u0259rini t\u0259rk ed\u0259rs\u0259, Az\u0259rbaycan Da\u011fl\u0131q Qaraba\u011fa &ouml;z s\u0259rh\u0259dl\u0259ri daxilind\u0259 y&uuml;ks\u0259k muxtariyy\u0259t statusuna baxa bil\u0259r&rdquo;.<\/p>\n<p>\n&ldquo;Erm\u0259nistanda bel\u0259 bir fikir formala\u015f\u0131b ki, Az\u0259rbaycan t\u0259r\u0259finin nifr\u0259ti &ccedil;ox b&ouml;y&uuml;kd&uuml;r. Siz bunu nec\u0259 \u015f\u0259rh ed\u0259rdiniz?&rdquo; sual\u0131na cavab\u0131nda is\u0259 X\u0130N r\u0259smisi deyib: &quot;M\u0259sl\u0259h\u0259t g&ouml;r\u0259rdim ki, Erm\u0259nistanda yaln\u0131z orta m\u0259kt\u0259b d\u0259rslikl\u0259rin\u0259 baxas\u0131n\u0131z. Siz orada ksenofobiya v\u0259 nifr\u0259tin \u0259n ifrat t\u0259zah&uuml;rl\u0259rini g&ouml;r\u0259c\u0259ksiniz. Erm\u0259nistan d&uuml;nyada yegan\u0259 mono-etnik d&ouml;vl\u0259tdir, &ccedil;&uuml;nki burada etnik t\u0259mizl\u0259m\u0259l\u0259r m&uuml;t\u0259madi apar\u0131l\u0131b. El\u0259 300 min az\u0259rbaycanl\u0131 etnik t\u0259mizl\u0259m\u0259y\u0259 m\u0259ruz qal\u0131b. \u0130ki il \u0259vv\u0259l Erm\u0259nistan prezidenti Serj Sarkisyan demi\u015fdi ki, erm\u0259nil\u0259r v\u0259 az\u0259rbaycanl\u0131lar etnik bax\u0131mdan uy\u011funsuzdurlar. Bu art\u0131q irqi ayr\u0131-se&ccedil;kilik xarakterli b\u0259yanatd\u0131r&quot;.<\/p>\n<p>Jurnalistin Az\u0259rbaycan\u0131n Da\u011fl\u0131q Qaraba\u011f\u0131 h\u0259rb yolu il\u0259 geri qaytarmaq ehtimal\u0131 il\u0259 ba\u011fl\u0131 sual\u0131na Az\u0259rbaycan\u0131n X\u0130N s&ouml;z&ccedil;&uuml;s&uuml; m&uuml;naqi\u015f\u0259nin s&uuml;lh yolu il\u0259 h\u0259lli imkanlar\u0131n\u0131n t&uuml;k\u0259nm\u0259diyini bildirib.<\/p>\n","protected":false},"excerpt":{"rendered":"<p>B&uuml;t&uuml;n d&uuml;nya d&ouml;vl\u0259tl\u0259ri kimi Az\u0259rbaycan\u0131n da &ouml;z&uuml;n&uuml; m&uuml;dafi\u0259 etm\u0259k h&uuml;ququ var. Ucnoqta.az x\u0259b\u0259r verir ki, Az\u0259rbaycan Xarici \u0130\u015fl\u0259r Naziriyind\u0259n (X\u0130N) Trend-\u0259 veril\u0259n m\u0259lumata g&ouml;r\u0259, bunu X\u0130N-nin M\u0259tbuat xidm\u0259tinin r\u0259hb\u0259ri Hikm\u0259t&hellip;<\/p>\n","protected":false},"author":1,"featured_media":251278,"comment_status":"open","ping_status":"open","sticky":false,"template":"","format":"standard","meta":{"_lmt_disableupdate":"","_lmt_disable":"","footnotes":""},"categories":[86],"tags":[],"class_list":["post-53047","post","type-post","status-publish","format-standard","has-post-thumbnail","hentry","category-siyaset"],"_links":{"self":[{"href":"https:\/\/ucnoqta.az\/index.php?rest_route=\/wp\/v2\/posts\/53047","targetHints":{"allow":["GET"]}}],"collection":[{"href":"https:\/\/ucnoqta.az\/index.php?rest_route=\/wp\/v2\/posts"}],"about":[{"href":"https:\/\/ucnoqta.az\/index.php?rest_route=\/wp\/v2\/types\/post"}],"author":[{"embeddable":true,"href":"https:\/\/ucnoqta.az\/index.php?rest_route=\/wp\/v2\/users\/1"}],"replies":[{"embeddable":true,"href":"https:\/\/ucnoqta.az\/index.php?rest_route=%2Fwp%2Fv2%2Fcomments&post=53047"}],"version-history":[{"count":0,"href":"https:\/\/ucnoqta.az\/index.php?rest_route=\/wp\/v2\/posts\/53047\/revisions"}],"wp:featuredmedia":[{"embeddable":true,"href":"https:\/\/ucnoqta.az\/index.php?rest_route=\/wp\/v2\/media\/251278"}],"wp:attachment":[{"href":"https:\/\/ucnoqta.az\/index.php?rest_route=%2Fwp%2Fv2%2Fmedia&parent=53047"}],"wp:term":[{"taxonomy":"category","embeddable":true,"href":"https:\/\/ucnoqta.az\/index.php?rest_route=%2Fwp%2Fv2%2Fcategories&post=53047"},{"taxonomy":"post_tag","embeddable":true,"href":"https:\/\/ucnoqta.az\/index.php?rest_route=%2Fwp%2Fv2%2Ftags&post=53047"}],"curies":[{"name":"wp","href":"https:\/\/api.w.org\/{rel}","templated":true}]}}