{"id":53043,"date":"2017-11-24T09:43:58","date_gmt":"2017-11-24T05:43:58","guid":{"rendered":""},"modified":"-0001-11-30T00:00:00","modified_gmt":"-0001-11-29T20:00:00","slug":"","status":"publish","type":"post","link":"https:\/\/ucnoqta.az\/?p=53043","title":{"rendered":"G\u0259l\u0259n il Az\u0259rbaycanda iki Ay tutulmas\u0131 m\u00fc\u015fahid\u0259 edil\u0259c\u0259k"},"content":{"rendered":"<p><strong>\u0130kinci tutulma gec\u0259 saatlar\u0131nda oldu\u011fu &uuml;&ccedil;&uuml;n prosesi Az\u0259rbaycanda da tamamil\u0259 m&uuml;\u015fahid\u0259 etm\u0259k m&uuml;mk&uuml;n olacaq<\/strong><\/p>\n<p>Az\u0259rbaycanda 2018-ci ild\u0259 iki Ay tutulmas\u0131 m&uuml;\u015fahid\u0259 olunacaq. Ucnoqta.az x\u0259b\u0259r verir ki, bunu &ldquo;Report&rdquo;a a&ccedil;\u0131qlamas\u0131nda AMEA-n\u0131n N\u0259sir\u0259ddin Tusi ad\u0131na \u015eamax\u0131 Astrofizika R\u0259s\u0259dxanas\u0131n\u0131n elmi i\u015fl\u0259r &uuml;zr\u0259 direktor m&uuml;avini X\u0131d\u0131r Mikay\u0131lov deyib.<br \/>\nOnun s&ouml;zl\u0259rin\u0259 g&ouml;r\u0259, tutulmalar m\u0259rk\u0259zi tutulmalar adlan\u0131r: &ldquo;Y\u0259ni, tutulma yer k&uuml;r\u0259sinin ekvatoru hiss\u0259sind\u0259n ba\u015f ver\u0259c\u0259k ki, bu zaman Ay yerin ekvatorial zonas\u0131nda olacaq. Bel\u0259 olan halda Ay yer k&uuml;r\u0259sinin k&ouml;lg\u0259sinin m\u0259rk\u0259zind\u0259n ke&ccedil;\u0259c\u0259k. Ona g&ouml;r\u0259 d\u0259 buna m\u0259rk\u0259zi tutulma deyilir&rdquo;.<\/p>\n<p>\n&nbsp;X.Mikay\u0131lov ilk Ay tutulmas\u0131 hadis\u0259sinin yanvar ay\u0131n\u0131n 31-d\u0259 saat 15:48:27-d\u0259 ba\u015flayaca\u011f\u0131n\u0131 bildirib: &ldquo;Tam tutulman\u0131n ba\u015flanmas\u0131 saat 16:51:47-d\u0259 olacaq ki, bu zaman ay\u0131n s\u0259thi tam tutulacaq. Proses saat 18:07:51-d\u0259 sona &ccedil;atacaq. Tam tutulma hadis\u0259si 1 saat 16 d\u0259q davam ed\u0259c\u0259k. Bu m&uuml;dd\u0259td\u0259 Ay\u0131n s\u0259thi tam qaranl\u0131q formada olacaq. Y\u0259ni, Ay q\u0131zarm\u0131\u015f formada olacaq&rdquo;.<br \/>\nR\u0259s\u0259dxana r\u0259smisi qeyd edib ki, tutulman\u0131n sonu , y\u0259ni Ay\u0131n s\u0259thinin yava\u015f-yava\u015f a&ccedil;\u0131lma\u011fa ba\u015flamas\u0131 v\u0259 tutulman\u0131n tam sona &ccedil;atmas\u0131 prosesi saat 19:11:11-d\u0259 olacaq: &ldquo;\u0130lk Ay tutulma hadis\u0259si Az\u0259rbaycan \u0259razisi &uuml;&ccedil;&uuml;n saat 18:00-dan etibar\u0259n Ay do\u011fduqdan sonra Ay\u0131n s\u0259thinin a\u015fa\u011f\u0131 hiss\u0259d\u0259n yava\u015f-yava\u015f a&ccedil;\u0131lma\u011fa ba\u015flamas\u0131 kimi m&uuml;\u015fahid\u0259 edil\u0259c\u0259k. Bu da o dem\u0259k ki, ilk tutulman\u0131 tam \u015f\u0259kild\u0259 Az\u0259rbaycanda m&uuml;\u015fahid\u0259 etm\u0259k m&uuml;mk&uuml;n olmayacaq. \u0130nsanlar bunu Qazax\u0131stan, Monqolustan v\u0259 &uuml;z&uuml; Yaponiyaya do\u011fru \u015f\u0259rq istiqam\u0259tind\u0259ki &ouml;lk\u0259l\u0259rd\u0259 g&ouml;r\u0259 bil\u0259c\u0259kl\u0259r&rdquo;.<\/p>\n<p>\nO, h\u0259m&ccedil;inin \u0259lav\u0259 edib ki, &ouml;lk\u0259d\u0259 ikinci Ay tutulmas\u0131 iyulun 28-d\u0259 m&uuml;\u015fahid\u0259 olunacaq: &ldquo;T\u0259bi\u0259t hadis\u0259si saat 22:24:27-d\u0259 ba\u015flayacaq. Tam tutulman\u0131n ba\u015flanmas\u0131 is\u0259 saat 23:30:15-\u0259 t\u0259sad&uuml;f ed\u0259c\u0259k. Tam tutulma 01:13:11-d\u0259 sona &ccedil;atacaq. Tutulma hadis\u0259sinin b&uuml;t&ouml;vl&uuml;kd\u0259 sona &ccedil;atmas\u0131 saat 02:19-d\u0259 qeyd\u0259 al\u0131nacaq v\u0259 h\u0259min vaxt Ay\u0131n s\u0259thi tam a&ccedil;\u0131lacaq. \u0130kinci tutulma gec\u0259 saatlar\u0131nda oldu\u011fu &uuml;&ccedil;&uuml;n prosesi Az\u0259rbaycanda da tamamil\u0259 m&uuml;\u015fahid\u0259 etm\u0259k m&uuml;mk&uuml;n olacaq&rdquo;.&nbsp; &nbsp;<\/p>\n","protected":false},"excerpt":{"rendered":"<p>\u0130kinci tutulma gec\u0259 saatlar\u0131nda oldu\u011fu &uuml;&ccedil;&uuml;n prosesi Az\u0259rbaycanda da tamamil\u0259 m&uuml;\u015fahid\u0259 etm\u0259k m&uuml;mk&uuml;n olacaq Az\u0259rbaycanda 2018-ci ild\u0259 iki Ay tutulmas\u0131 m&uuml;\u015fahid\u0259 olunacaq. Ucnoqta.az x\u0259b\u0259r verir ki, bunu &ldquo;Report&rdquo;a a&ccedil;\u0131qlamas\u0131nda AMEA-n\u0131n&hellip;<\/p>\n","protected":false},"author":1,"featured_media":251278,"comment_status":"open","ping_status":"open","sticky":false,"template":"","format":"standard","meta":{"_lmt_disableupdate":"","_lmt_disable":"","footnotes":""},"categories":[],"tags":[],"class_list":["post-53043","post","type-post","status-publish","format-standard","has-post-thumbnail","hentry"],"_links":{"self":[{"href":"https:\/\/ucnoqta.az\/index.php?rest_route=\/wp\/v2\/posts\/53043","targetHints":{"allow":["GET"]}}],"collection":[{"href":"https:\/\/ucnoqta.az\/index.php?rest_route=\/wp\/v2\/posts"}],"about":[{"href":"https:\/\/ucnoqta.az\/index.php?rest_route=\/wp\/v2\/types\/post"}],"author":[{"embeddable":true,"href":"https:\/\/ucnoqta.az\/index.php?rest_route=\/wp\/v2\/users\/1"}],"replies":[{"embeddable":true,"href":"https:\/\/ucnoqta.az\/index.php?rest_route=%2Fwp%2Fv2%2Fcomments&post=53043"}],"version-history":[{"count":0,"href":"https:\/\/ucnoqta.az\/index.php?rest_route=\/wp\/v2\/posts\/53043\/revisions"}],"wp:featuredmedia":[{"embeddable":true,"href":"https:\/\/ucnoqta.az\/index.php?rest_route=\/wp\/v2\/media\/251278"}],"wp:attachment":[{"href":"https:\/\/ucnoqta.az\/index.php?rest_route=%2Fwp%2Fv2%2Fmedia&parent=53043"}],"wp:term":[{"taxonomy":"category","embeddable":true,"href":"https:\/\/ucnoqta.az\/index.php?rest_route=%2Fwp%2Fv2%2Fcategories&post=53043"},{"taxonomy":"post_tag","embeddable":true,"href":"https:\/\/ucnoqta.az\/index.php?rest_route=%2Fwp%2Fv2%2Ftags&post=53043"}],"curies":[{"name":"wp","href":"https:\/\/api.w.org\/{rel}","templated":true}]}}