{"id":53038,"date":"2017-11-23T23:45:20","date_gmt":"2017-11-23T19:45:20","guid":{"rendered":""},"modified":"-0001-11-30T00:00:00","modified_gmt":"-0001-11-29T20:00:00","slug":"","status":"publish","type":"post","link":"https:\/\/ucnoqta.az\/?p=53038","title":{"rendered":"Prezident \u0130lham \u018fliyev Poro\u015fenko il\u0259 g\u00f6r\u00fc\u015f\u00fcb <font color=red><b>-FOTOLAR<\/b><\/font>"},"content":{"rendered":"<p>Noyabr\u0131n 23-d\u0259 Br&uuml;sseld\u0259 Az\u0259rbaycan Respublikas\u0131n\u0131n Prezidenti \u0130lham \u018fliyevin v\u0259 Ukrayna Prezidenti Petro Poro\u015fenkonun g&ouml;r&uuml;\u015f&uuml; olub.<\/p>\n<p>&nbsp;<\/p>\n<p><strong>&quot;Ucnoqta.az&quot;<\/strong> x\u0259b\u0259r verir kiD&ouml;vl\u0259timizin ba\u015f&ccedil;\u0131s\u0131 Ukrayna Prezidenti Petro Poro\u015fenkonun Az\u0259rbaycana s\u0259f\u0259rini xat\u0131rladaraq, bu s\u0259f\u0259rd\u0259n &ouml;t\u0259n m&uuml;dd\u0259t \u0259rzind\u0259 m&uuml;xt\u0259lif istiqam\u0259tl\u0259r &uuml;zr\u0259 \u0259m\u0259kda\u015fl\u0131\u011f\u0131n h\u0259yata ke&ccedil;irildiyini v\u0259 yax\u015f\u0131 n\u0259tic\u0259l\u0259rin \u0259ld\u0259 olundu\u011funu qeyd etdi. Ukrayna d&ouml;vl\u0259ti ba\u015f&ccedil;\u0131s\u0131n\u0131n Bak\u0131ya s\u0259f\u0259ri zaman\u0131 siyasi, iqtisadi, energetika, n\u0259qliyyat, beyn\u0259lxalq t\u0259\u015fkilatlarda \u0259m\u0259kda\u015fl\u0131qla ba\u011fl\u0131 m&uuml;zakir\u0259l\u0259rin apar\u0131ld\u0131\u011f\u0131n\u0131 dey\u0259n Prezident \u0130lham \u018fliyev &uuml;midvar oldu\u011funu bildirdi ki, ticar\u0259t d&ouml;vriyy\u0259sinin art\u0131r\u0131lmas\u0131 &uuml;&ccedil;&uuml;n laz\u0131mi add\u0131mlar at\u0131lacaq v\u0259 bunun &uuml;&ccedil;&uuml;n yax\u015f\u0131 potensial m&ouml;vcuddur. Prezident Petro Poro\u015fenko Prezident \u0130lham \u018fliyev\u0259 Ukrayna-Az\u0259rbaycan dostluq m&uuml;nasib\u0259tl\u0259rin\u0259 verdiyi d\u0259st\u0259y\u0259 g&ouml;r\u0259 minn\u0259tdarl\u0131\u011f\u0131n\u0131 bildirdi. Prezident \u0130lham \u018fliyevl\u0259 Davosda v\u0259 Bak\u0131da ke&ccedil;irdikl\u0259ri g&ouml;r&uuml;\u015fl\u0259ri m\u0259mnunluqla xat\u0131rlayan Prezident Petro Poro\u015fenko h\u0259min g&ouml;r&uuml;\u015fl\u0259r zaman\u0131 \u0259ld\u0259 edil\u0259n raz\u0131la\u015fmalar\u0131n realla\u015fd\u0131r\u0131lmas\u0131ndan m\u0259mnunlu\u011funu ifad\u0259 etdi. O, Az\u0259rbaycan\u0131n Ukraynaya ixrac\u0131n\u0131n artmas\u0131n\u0131 iqtisadi \u0259m\u0259kda\u015fl\u0131\u011f\u0131m\u0131z\u0131n yax\u015f\u0131 g&ouml;st\u0259ricisi kimi d\u0259y\u0259rl\u0259ndirdi. G&ouml;r&uuml;\u015fd\u0259 ikit\u0259r\u0259fli m&uuml;nasib\u0259tl\u0259r v\u0259 qar\u015f\u0131l\u0131ql\u0131 maraq do\u011furan m\u0259s\u0259l\u0259l\u0259r \u0259traf\u0131nda fikir m&uuml;badil\u0259si apar\u0131ld\u0131.<\/p>\n","protected":false},"excerpt":{"rendered":"<p>Noyabr\u0131n 23-d\u0259 Br&uuml;sseld\u0259 Az\u0259rbaycan Respublikas\u0131n\u0131n Prezidenti \u0130lham \u018fliyevin v\u0259 Ukrayna Prezidenti Petro Poro\u015fenkonun g&ouml;r&uuml;\u015f&uuml; olub. &nbsp; &quot;Ucnoqta.az&quot; x\u0259b\u0259r verir kiD&ouml;vl\u0259timizin ba\u015f&ccedil;\u0131s\u0131 Ukrayna Prezidenti Petro Poro\u015fenkonun Az\u0259rbaycana s\u0259f\u0259rini xat\u0131rladaraq, bu s\u0259f\u0259rd\u0259n&hellip;<\/p>\n","protected":false},"author":1,"featured_media":251278,"comment_status":"open","ping_status":"open","sticky":false,"template":"","format":"standard","meta":{"_lmt_disableupdate":"","_lmt_disable":"","footnotes":""},"categories":[],"tags":[],"class_list":["post-53038","post","type-post","status-publish","format-standard","has-post-thumbnail","hentry"],"_links":{"self":[{"href":"https:\/\/ucnoqta.az\/index.php?rest_route=\/wp\/v2\/posts\/53038","targetHints":{"allow":["GET"]}}],"collection":[{"href":"https:\/\/ucnoqta.az\/index.php?rest_route=\/wp\/v2\/posts"}],"about":[{"href":"https:\/\/ucnoqta.az\/index.php?rest_route=\/wp\/v2\/types\/post"}],"author":[{"embeddable":true,"href":"https:\/\/ucnoqta.az\/index.php?rest_route=\/wp\/v2\/users\/1"}],"replies":[{"embeddable":true,"href":"https:\/\/ucnoqta.az\/index.php?rest_route=%2Fwp%2Fv2%2Fcomments&post=53038"}],"version-history":[{"count":0,"href":"https:\/\/ucnoqta.az\/index.php?rest_route=\/wp\/v2\/posts\/53038\/revisions"}],"wp:featuredmedia":[{"embeddable":true,"href":"https:\/\/ucnoqta.az\/index.php?rest_route=\/wp\/v2\/media\/251278"}],"wp:attachment":[{"href":"https:\/\/ucnoqta.az\/index.php?rest_route=%2Fwp%2Fv2%2Fmedia&parent=53038"}],"wp:term":[{"taxonomy":"category","embeddable":true,"href":"https:\/\/ucnoqta.az\/index.php?rest_route=%2Fwp%2Fv2%2Fcategories&post=53038"},{"taxonomy":"post_tag","embeddable":true,"href":"https:\/\/ucnoqta.az\/index.php?rest_route=%2Fwp%2Fv2%2Ftags&post=53038"}],"curies":[{"name":"wp","href":"https:\/\/api.w.org\/{rel}","templated":true}]}}