{"id":53036,"date":"2017-11-23T16:40:32","date_gmt":"2017-11-23T12:40:32","guid":{"rendered":""},"modified":"-0001-11-30T00:00:00","modified_gmt":"-0001-11-29T20:00:00","slug":"","status":"publish","type":"post","link":"https:\/\/ucnoqta.az\/?p=53036","title":{"rendered":"<font color=red><b>\u201cAslan \u0130smay\u0131lov yen\u0259 \u00f6z t\u0259x\u0259yy\u00fcl\u00fcn\u00fc i\u015f\u0259 sal\u0131b\u201d<\/b><\/font>"},"content":{"rendered":"<p>S\u0259bail rayon \u0130cra Hakimiyy\u0259ti v\u0259kil Aslan \u0130smay\u0131lovla ba\u011fl\u0131 a&ccedil;\u0131qlama yay\u0131b. A&ccedil;\u0131qlamada bildirilir ki, bu ilin iyulunda v\u0259kil Aslan \u0130smay\u0131lov&nbsp; sosial \u015f\u0259b\u0259k\u0259d\u0259ki s\u0259hif\u0259sind\u0259 Bak\u0131 \u015f\u0259h\u0259rinin m\u0259rk\u0259zind\u0259 park salmas\u0131 il\u0259 ba\u011fl\u0131 video m&uuml;raci\u0259tl\u0259 &ccedil;\u0131x\u0131\u015f etmi\u015fdi. O burada a\u011faclar \u0259kdiyini v\u0259 b&ouml;y&uuml;k park sald\u0131\u011f\u0131n\u0131 bildirmi\u015fdi: &ldquo;M\u0259s\u0259l\u0259 il\u0259 ba\u011fl\u0131 S\u0259bail Rayon \u0130cra Hakimiyy\u0259ti t\u0259r\u0259find\u0259n m&uuml;vafiq a&ccedil;\u0131qlama verilmi\u015f, bu \u0259razud\u0259 &ouml;lk\u0259 ba\u015f&ccedil;\u0131s\u0131n\u0131n tap\u015f\u0131r\u0131qlar\u0131na \u0259sas\u0259n Ekologiya v\u0259 T\u0259bii S\u0259rv\u0259tl\u0259r Nazirliyi v\u0259 S\u0259bail Rayon \u0130cra Hakimiyy\u0259ti t\u0259r\u0259find\u0259n ya\u015f\u0131ll\u0131qlar zonas\u0131 v\u0259 me\u015f\u0259 zola\u011f\u0131n\u0131n yarad\u0131lmas\u0131 i\u015fl\u0259rinin apar\u0131ld\u0131\u011f\u0131, yeni &ldquo;Ekoloji park&rdquo;in yarad\u0131ld\u0131\u011f\u0131 qeyd olunmu\u015fdu. Video materialda da burada i\u015fl\u0259l\u0259rin Ekologiya v\u0259 T\u0259bii S\u0259rv\u0259tl\u0259r Nazirliyinin \u0259m\u0259kda\u015flar\u0131 t\u0259r\u0259find\u0259n, nazirliyin texnikas\u0131 c\u0259lb olunmaqla apar\u0131ld\u0131\u011f\u0131 ayd\u0131n g&ouml;r&uuml;n&uuml;rd&uuml;.<\/p>\n<p>Bir ne&ccedil;\u0259 g&uuml;n \u0259vv\u0259l Aslan \u0130smay\u0131lov yen\u0259 d\u0259 sosial \u015f\u0259b\u0259k\u0259d\u0259 m\u0259lumat yayaraq Bay\u0131l yamac\u0131ndak\u0131 \u0259raz\u0131d\u0259 \u0259kil\u0259n a\u011faclara qulluq g&ouml;st\u0259rm\u0259s\u0131n\u0131 g&ouml;st\u0259rib, burada \u0259kil\u0259n v\u0259 yay aylar\u0131nda g&uuml;nd\u0259lik sulan\u0131b qulluq g&ouml;st\u0259ril\u0259n a\u011faclar\u0131 &ouml;z \u0259m\u0259yinin n\u0259tic\u0259si kimi q\u0259l\u0259m\u0259 verib.&nbsp;<br \/>\n&Ccedil;ox t\u0259\u0259cc&uuml;blud&uuml;r ki, h&uuml;quq\u015f&uuml;nas kimi Aslan \u0130smaylov g&ouml;z\u0259l bilir ki, Bak\u0131 \u015f\u0259h\u0259rinin m\u0259rk\u0259zind\u0259 park v\u0259 ya ba\u011f sal\u0131nmas\u0131 Qanunlarla t\u0259nziml\u0259nir, bunun &uuml;&ccedil;&uuml;n m&uuml;vafiq icra qurumlar\u0131n\u0131n q\u0259rar\u0131 olmal\u0131d\u0131r. S&uuml;r&uuml;\u015fm\u0259 zonas\u0131na aid bu \u0259razid\u0259&nbsp; \u0259kil\u0259n a\u011fac v\u0259 ya\u015f\u0131ll\u0131qlara g&uuml;nd\u0259lik qulluq olunmas\u0131, suvar\u0131lmas\u0131, saxlan\u0131lmas\u0131 &uuml;&ccedil;&uuml;n i\u015f&ccedil;i q&uuml;vv\u0259si,&nbsp; texnika v\u0259 v\u0259sait t\u0259l\u0259b olunur v\u0259 \u0259razid\u0259 a\u011faclara qulluq, ya\u015f\u0131lla\u015fd\u0131rma i\u015fl\u0259ri Ekologiya v\u0259 T\u0259bii S\u0259rv\u0259tl\u0259r Nazirliyi v\u0259 S\u0259bail Rayon \u0130cra Hakimiyy\u0259tl\u0259ri t\u0259r\u0259find\u0259n h\u0259yata ke&ccedil;irilir. Burada a\u011faclara su Baki \u015e\u0259h\u0259r \u0130cra Hakimiyy\u0259ti Ya\u015f\u0131lla\u015fd\u0131rma \u0130dar\u0259sinin su m\u0259nb\u0259ynd\u0259n verilir v\u0259 bunun &uuml;&ccedil;&uuml;n v\u0259sait d&ouml;vl\u0259t t\u0259r\u0259dind\u0259n &ouml;d\u0259nilir.&nbsp;<br \/>\nM\u0259lumdur ki, t\u0259k bir t\u0259x\u0259yy&uuml;l v\u0259 pafoslu dan\u0131\u015fiqla bura n\u0259 su g\u0259tirm\u0259k olar, n\u0259 d\u0259 a\u011fac \u0259m\u0259k. &Ouml;lk\u0259miz h&uuml;quqi d&ouml;vl\u0259tdir. He&ccedil; kim &ouml;zba\u015f\u0131na, ist\u0259diyi yerd\u0259 c\u0259nab A.\u0130smay\u0131lov kimi n\u0259 budka qoya bil\u0259r, n\u0259 d\u0259 \u0259razi z\u0259bt ed\u0259 bil\u0259r.&nbsp; Bel\u0259 &ouml;zba\u015fnal\u0131\u011fa yol veril\u0259 bilm\u0259z.&nbsp;<br \/>\nBizim fikrimizc\u0259, z\u0259ngin fantaziyal\u0131 Aslan \u0130smaylov bu m\u0259lumat\u0131 payla\u015fmalarla g\u0259l\u0259c\u0259kd\u0259 park salma ad\u0131 alt\u0131nda \u0259razini z\u0259bt etm\u0259k, burada hans\u0131 bir obyekt ya da resyoran a&ccedil;maq planlar\u0131n\u0131 h\u0259yata ke&ccedil;irm\u0259yi d&uuml;\u015f&uuml;n&uuml;r. Bu zaman da &ouml;z t\u0259x\u0259yy&uuml;l&uuml;n&uuml; i\u015f\u0259 sal\u0131r. Bu da &ccedil;ox b&ouml;y&uuml;k t\u0259\u0259cc&uuml;b do\u011furur&rdquo;.<\/p>\n","protected":false},"excerpt":{"rendered":"<p>S\u0259bail rayon \u0130cra Hakimiyy\u0259ti v\u0259kil Aslan \u0130smay\u0131lovla ba\u011fl\u0131 a&ccedil;\u0131qlama yay\u0131b. A&ccedil;\u0131qlamada bildirilir ki, bu ilin iyulunda v\u0259kil Aslan \u0130smay\u0131lov&nbsp; sosial \u015f\u0259b\u0259k\u0259d\u0259ki s\u0259hif\u0259sind\u0259 Bak\u0131 \u015f\u0259h\u0259rinin m\u0259rk\u0259zind\u0259 park salmas\u0131 il\u0259 ba\u011fl\u0131 video&hellip;<\/p>\n","protected":false},"author":1,"featured_media":251278,"comment_status":"open","ping_status":"open","sticky":false,"template":"","format":"standard","meta":{"_lmt_disableupdate":"","_lmt_disable":"","footnotes":""},"categories":[91],"tags":[],"class_list":["post-53036","post","type-post","status-publish","format-standard","has-post-thumbnail","hentry","category-olkeici"],"_links":{"self":[{"href":"https:\/\/ucnoqta.az\/index.php?rest_route=\/wp\/v2\/posts\/53036","targetHints":{"allow":["GET"]}}],"collection":[{"href":"https:\/\/ucnoqta.az\/index.php?rest_route=\/wp\/v2\/posts"}],"about":[{"href":"https:\/\/ucnoqta.az\/index.php?rest_route=\/wp\/v2\/types\/post"}],"author":[{"embeddable":true,"href":"https:\/\/ucnoqta.az\/index.php?rest_route=\/wp\/v2\/users\/1"}],"replies":[{"embeddable":true,"href":"https:\/\/ucnoqta.az\/index.php?rest_route=%2Fwp%2Fv2%2Fcomments&post=53036"}],"version-history":[{"count":0,"href":"https:\/\/ucnoqta.az\/index.php?rest_route=\/wp\/v2\/posts\/53036\/revisions"}],"wp:featuredmedia":[{"embeddable":true,"href":"https:\/\/ucnoqta.az\/index.php?rest_route=\/wp\/v2\/media\/251278"}],"wp:attachment":[{"href":"https:\/\/ucnoqta.az\/index.php?rest_route=%2Fwp%2Fv2%2Fmedia&parent=53036"}],"wp:term":[{"taxonomy":"category","embeddable":true,"href":"https:\/\/ucnoqta.az\/index.php?rest_route=%2Fwp%2Fv2%2Fcategories&post=53036"},{"taxonomy":"post_tag","embeddable":true,"href":"https:\/\/ucnoqta.az\/index.php?rest_route=%2Fwp%2Fv2%2Ftags&post=53036"}],"curies":[{"name":"wp","href":"https:\/\/api.w.org\/{rel}","templated":true}]}}