{"id":53031,"date":"2017-11-24T00:19:35","date_gmt":"2017-11-23T20:19:35","guid":{"rendered":""},"modified":"-0001-11-30T00:00:00","modified_gmt":"-0001-11-29T20:00:00","slug":"","status":"publish","type":"post","link":"https:\/\/ucnoqta.az\/?p=53031","title":{"rendered":"Musiqili Teatr Ceyhun Hac\u0131b\u0259yliy\u0259 h\u0259sr olunan \u0259s\u0259ri s\u0259hn\u0259y\u0259 qoyacaq"},"content":{"rendered":"<p><strong>Musiqili Teatrda yeni tama\u015fa haz\u0131rlan\u0131r.<\/strong><\/p>\n<p>&nbsp;<\/p>\n<p>Teatr\u0131n m\u0259tbuat xidm\u0259tind\u0259n<strong> &quot;Ucnoqta.az&quot;a <\/strong>veril\u0259n m\u0259lumata g&ouml;r\u0259, yaz\u0131&ccedil;\u0131-dramaturq \u018fli \u018fmirlinin &ldquo;Nuri-did\u0259 Ceyhun&rdquo; \u0259s\u0259rinin m\u0259\u015fql\u0259ri davam edir.<\/p>\n<p>&nbsp;<\/p>\n<p>Tama\u015fan\u0131n qurulu\u015f&ccedil;u rejissoru \u0259m\u0259kdar inc\u0259s\u0259n\u0259t xadimi Mehriban \u018fl\u0259kb\u0259rzad\u0259dir.&nbsp;<\/p>\n<p>O bildirib ki, pyesin m&uuml;\u0259llifi \u018fli \u018fmirlinin janr\u0131n\u0131 musiqili yuxu-kollaj kimi t\u0259yin etdiyi iki hiss\u0259li &ldquo;Nuri-did\u0259 Ceyhun&rdquo; \u0259s\u0259ri &Uuml;zeyir Hac\u0131b\u0259ylinin qarda\u015f\u0131 Ceyhun Hac\u0131b\u0259ylinin m&uuml;hacir h\u0259yat\u0131ndan b\u0259hs edir. M.\u018fl\u0259kb\u0259rzad\u0259 s&ouml;yl\u0259yib ki, pyes Az\u0259rbaycan\u0131n m&uuml;st\u0259qil &ouml;lk\u0259 v\u0259 d&ouml;vl\u0259t olaraq tan\u0131t\u0131m\u0131 &uuml;&ccedil;&uuml;n Paris Konfrans\u0131na ezam olunmu\u015f v\u0259t\u0259np\u0259rv\u0259rl\u0259r d\u0259st\u0259sinin f\u0259aliyy\u0259tin\u0259 ithaf olunub: &quot;\u018fs\u0259r Ceyhun Hac\u0131b\u0259ylinin h\u0259yat v\u0259 f\u0259aliyy\u0259tind\u0259n b\u0259hs edir, amma burada Ceyhun Hac\u0131b\u0259yli &uuml;mumilikd\u0259 v\u0259t\u0259nsizlik ya\u015fayan m&uuml;hacirl\u0259rimizin &#8211; b&uuml;t&uuml;n m&uuml;hacir soyda\u015flar\u0131m\u0131z\u0131n &uuml;mumil\u0259\u015fdirilmi\u015f obrazd\u0131r. Fransada V\u0259t\u0259n h\u0259sr\u0259tli yuxularla t\u0259skinlik tapan Ceyhun Hac\u0131b\u0259yli b&uuml;t&uuml;n t\u0259kidl\u0259r\u0259 r\u0259\u011fm\u0259n (anas\u0131n\u0131n intizar\u0131, h\u0259yat yolda\u015f\u0131 Z&ouml;hr\u0259nin ist\u0259yi v\u0259 qarda\u015f\u0131 &Uuml;zeyrin &ccedil;a\u011f\u0131r\u0131\u015f m\u0259ktublar\u0131), o q&uuml;rb\u0259td\u0259 qalma\u011f\u0131 se&ccedil;ir. M\u0259\u015f\u0259qq\u0259t dolu h\u0259yat\u0131nda bir-birinin ard\u0131nca ald\u0131\u011f\u0131 itkil\u0259r onu psixoloji c\u0259h\u0259td\u0259n sars\u0131tsa da, &ouml;mr&uuml;n&uuml;n sonuna q\u0259d\u0259r m&uuml;hacir h\u0259yat\u0131 s&uuml;r&uuml;r. B&uuml;t&ouml;vl&uuml;kd\u0259 bu ziyal\u0131 soyda\u015f\u0131m\u0131z\u0131n ictimai-siyasi v\u0259 \u015f\u0259xsi h\u0259yat\u0131n\u0131 &ouml;z&uuml;nd\u0259 ehtiva ed\u0259n \u0259s\u0259rd\u0259 Ceyhunun v\u0259t\u0259nsizliyi &ouml;n planda g&ouml;st\u0259rilir. Ke&ccedil;irdiyi b&uuml;t&uuml;n sars\u0131nt\u0131lara baxmayaraq Ceyhun inamla sabaha do\u011fru add\u0131mlay\u0131r v\u0259 el\u0259 \u0259s\u0259r d\u0259 g\u0259l\u0259c\u0259y\u0259 do\u011fru add\u0131mlarla yekunla\u015f\u0131r&rdquo;.<\/p>\n<p>Tama\u015fada rollar\u0131 xalq artisti Fatma Mahmudova, \u0259m\u0259kdar artistl\u0259r P\u0259rviz M\u0259mm\u0259drzayev, \u018fkb\u0259r \u018flizad\u0259, aktyorlar El&ccedil;in \u0130manov, G&uuml;lnar\u0259 Abdullayeva, Novruz Novruzlu, Elnar\u0259 Na\u011fd\u0259liyeva, &Uuml;lviyy\u0259 \u018fliyeva, Nicat \u018fli, G&uuml;l&ccedil;&ouml;hr\u0259 Abdullayeva, Emil Heyd\u0259rov, Mehriban Zal\u0131yeva, Firuz M\u0259mm\u0259dov, \u018flim\u0259mm\u0259d Novruzov v\u0259 \u015eaban C\u0259f\u0259rov ifa edirl\u0259r.<\/p>\n<p>Tama\u015fada dahi &Uuml;zeyir Hac\u0131b\u0259yli, Soltan Hac\u0131b\u0259yov v\u0259 Niyazinin musiqil\u0259rind\u0259n istifad\u0259 olunacaq.<\/p>\n<p>Tama\u015fan\u0131n qurulu\u015f&ccedil;u dirijoru \u0259m\u0259kdar inc\u0259s\u0259n\u0259t xadimi F\u0259xr\u0259ddin Atayev, qurulu\u015f&ccedil;u r\u0259ssam\u0131 V&uuml;sal R\u0259himov, qurulu\u015f&ccedil;u baletmeysterl\u0259ri \u018fm\u0259kdar artist Zakir A\u011fayev v\u0259 Yelena A\u011fayeva, xormeysteri \u0259m\u0259kdar artist Vaqif M\u0259stanov, dirijoru S\u0259m\u0259d S&uuml;leymanov, konsertmeysteri Fidan Babayeva, rejissor assistenti Elm\u0259ddin Dada\u015fovdur.<\/p>\n<p>&nbsp;<\/p>\n","protected":false},"excerpt":{"rendered":"<p>Musiqili Teatrda yeni tama\u015fa haz\u0131rlan\u0131r. &nbsp; Teatr\u0131n m\u0259tbuat xidm\u0259tind\u0259n &quot;Ucnoqta.az&quot;a veril\u0259n m\u0259lumata g&ouml;r\u0259, yaz\u0131&ccedil;\u0131-dramaturq \u018fli \u018fmirlinin &ldquo;Nuri-did\u0259 Ceyhun&rdquo; \u0259s\u0259rinin m\u0259\u015fql\u0259ri davam edir. &nbsp; Tama\u015fan\u0131n qurulu\u015f&ccedil;u rejissoru \u0259m\u0259kdar inc\u0259s\u0259n\u0259t xadimi Mehriban&hellip;<\/p>\n","protected":false},"author":1,"featured_media":251278,"comment_status":"open","ping_status":"open","sticky":false,"template":"","format":"standard","meta":{"_lmt_disableupdate":"","_lmt_disable":"","footnotes":""},"categories":[],"tags":[],"class_list":["post-53031","post","type-post","status-publish","format-standard","has-post-thumbnail","hentry"],"_links":{"self":[{"href":"https:\/\/ucnoqta.az\/index.php?rest_route=\/wp\/v2\/posts\/53031","targetHints":{"allow":["GET"]}}],"collection":[{"href":"https:\/\/ucnoqta.az\/index.php?rest_route=\/wp\/v2\/posts"}],"about":[{"href":"https:\/\/ucnoqta.az\/index.php?rest_route=\/wp\/v2\/types\/post"}],"author":[{"embeddable":true,"href":"https:\/\/ucnoqta.az\/index.php?rest_route=\/wp\/v2\/users\/1"}],"replies":[{"embeddable":true,"href":"https:\/\/ucnoqta.az\/index.php?rest_route=%2Fwp%2Fv2%2Fcomments&post=53031"}],"version-history":[{"count":0,"href":"https:\/\/ucnoqta.az\/index.php?rest_route=\/wp\/v2\/posts\/53031\/revisions"}],"wp:featuredmedia":[{"embeddable":true,"href":"https:\/\/ucnoqta.az\/index.php?rest_route=\/wp\/v2\/media\/251278"}],"wp:attachment":[{"href":"https:\/\/ucnoqta.az\/index.php?rest_route=%2Fwp%2Fv2%2Fmedia&parent=53031"}],"wp:term":[{"taxonomy":"category","embeddable":true,"href":"https:\/\/ucnoqta.az\/index.php?rest_route=%2Fwp%2Fv2%2Fcategories&post=53031"},{"taxonomy":"post_tag","embeddable":true,"href":"https:\/\/ucnoqta.az\/index.php?rest_route=%2Fwp%2Fv2%2Ftags&post=53031"}],"curies":[{"name":"wp","href":"https:\/\/api.w.org\/{rel}","templated":true}]}}