{"id":53024,"date":"2017-11-23T21:48:57","date_gmt":"2017-11-23T17:48:57","guid":{"rendered":""},"modified":"-0001-11-30T00:00:00","modified_gmt":"-0001-11-29T20:00:00","slug":"","status":"publish","type":"post","link":"https:\/\/ucnoqta.az\/?p=53024","title":{"rendered":"\u201cG\u00fccl\u00fc ordumuz olmasayd\u0131, bizi b\u00f6lg\u0259d\u0259 ya\u015fama\u011fa qoymazd\u0131lar\u201d-<font color=red><b>T\u00fcrkiy\u0259 prezidenti<\/b><\/font>"},"content":{"rendered":"<p><strong>&ldquo;G&uuml;cl&uuml; ordumuz olmasayd\u0131, bizi b&ouml;lg\u0259d\u0259 ya\u015fama\u011fa qoymazd\u0131lar&rdquo;.<\/strong><\/p>\n<p>&nbsp;<\/p>\n<p><strong>&ldquo;Ucnoqta.az&rdquo;<\/strong> T&uuml;rkiy\u0259 K\u0130V-in\u0259 istinad\u0259n x\u0259b\u0259r verir ki, bunu &ouml;lk\u0259 prezidenti R\u0259c\u0259b Tayyib \u018frdo\u011fan 2016-c\u0131 il iyulun 15-d\u0259ki d&ouml;vl\u0259t &ccedil;evirli\u015fin\u0259 u\u011fursuz c\u0259hdd\u0259n sonra Milli M&uuml;dafi\u0259 Universitetinin Quru qo\u015funlar\u0131 m\u0259kt\u0259binin zabitliy\u0259 namiz\u0259dl\u0259rinin ilk burax\u0131l\u0131\u015f t\u0259dbirind\u0259ki &ccedil;\u0131x\u015f\u0131nda bildirib.<\/p>\n<p>&ldquo;\u0130raq\u0131n s\u0259rh\u0259dl\u0259rimizl\u0259 qon\u015fu \u0259razil\u0259rind\u0259 terror&ccedil;ulara &ccedil;ox ciddi z\u0259rb\u0259l\u0259r vururuq. Bu g&uuml;n T&uuml;rkiy\u0259 olaraq \u0259m\u0259liyyat ke&ccedil;irm\u0259k qabiliyy\u0259ti v\u0259 t\u0259cr&uuml;b\u0259 bax\u0131m\u0131ndan d&uuml;nyan\u0131n \u0259n g&uuml;cl&uuml; bir ne&ccedil;\u0259 ordusundan birin\u0259 sahibik. 24 saat 365 g&uuml;n fasil\u0259siz olaraq, \u0259m\u0259liyyat ke&ccedil;ir\u0259 bil\u0259c\u0259k g&uuml;cl&uuml; bir ordumuz olmasayd\u0131, bizi bu yerl\u0259rd\u0259 bir g&uuml;n ya\u015fama\u011fa qoymazd\u0131lar.<\/p>\n<p>Ba\u015fqa d&ouml;vl\u0259tl\u0259r &ouml;z t\u0259hl&uuml;k\u0259sizlikl\u0259rini ba\u015fqa qurum v\u0259 d&ouml;vl\u0259tl\u0259r\u0259 h\u0259val\u0259 ed\u0259 bilir. T&uuml;rkiy\u0259 olaraq bizim bel\u0259 bir \u015fans\u0131m\u0131z yoxdur.<\/p>\n<p>Suriya b&ouml;hran\u0131 zaman\u0131 bir daha g&ouml;rd&uuml;k ki, ba\u015f\u0131m\u0131za b\u0259la g\u0259ls\u0259, &ouml;z qarda\u015flar\u0131m\u0131zdan ba\u015fqa&nbsp;\u0259lini uzadacaq bir c\u0259miyy\u0259t yoxdur. Dost v\u0259 qarda\u015f c\u0259miyy\u0259tl\u0259rin d\u0259, t\u0259\u0259ss&uuml;f ki, biz\u0259 d\u0259st\u0259k ver\u0259c\u0259k g&uuml;c&uuml; olmad\u0131\u011f\u0131n\u0131 bilirik. Ona g&ouml;r\u0259 &ldquo;&ouml;z g&ouml;b\u0259yimizi &ouml;z&uuml;m&uuml;z k\u0259sm\u0259liyik&rdquo;. T&uuml;rkiy\u0259 Silahl\u0131 Q&uuml;vv\u0259l\u0259rini b&uuml;t&uuml;n bax\u0131mdan b&ouml;y&uuml;d&uuml;b, g&uuml;cl\u0259ndirm\u0259k m\u0259cburiyy\u0259tind\u0259yik, &#8211; dey\u0259 R\u0259c\u0259b Tayyib \u018frdo\u011fan vur\u011fulay\u0131b.\/\/&nbsp;Report\/\/<\/p>\n<p>&nbsp;<\/p>\n","protected":false},"excerpt":{"rendered":"<p>&ldquo;G&uuml;cl&uuml; ordumuz olmasayd\u0131, bizi b&ouml;lg\u0259d\u0259 ya\u015fama\u011fa qoymazd\u0131lar&rdquo;. &nbsp; &ldquo;Ucnoqta.az&rdquo; T&uuml;rkiy\u0259 K\u0130V-in\u0259 istinad\u0259n x\u0259b\u0259r verir ki, bunu &ouml;lk\u0259 prezidenti R\u0259c\u0259b Tayyib \u018frdo\u011fan 2016-c\u0131 il iyulun 15-d\u0259ki d&ouml;vl\u0259t &ccedil;evirli\u015fin\u0259 u\u011fursuz c\u0259hdd\u0259n sonra&hellip;<\/p>\n","protected":false},"author":1,"featured_media":251278,"comment_status":"open","ping_status":"open","sticky":false,"template":"","format":"standard","meta":{"_lmt_disableupdate":"","_lmt_disable":"","footnotes":""},"categories":[],"tags":[],"class_list":["post-53024","post","type-post","status-publish","format-standard","has-post-thumbnail","hentry"],"_links":{"self":[{"href":"https:\/\/ucnoqta.az\/index.php?rest_route=\/wp\/v2\/posts\/53024","targetHints":{"allow":["GET"]}}],"collection":[{"href":"https:\/\/ucnoqta.az\/index.php?rest_route=\/wp\/v2\/posts"}],"about":[{"href":"https:\/\/ucnoqta.az\/index.php?rest_route=\/wp\/v2\/types\/post"}],"author":[{"embeddable":true,"href":"https:\/\/ucnoqta.az\/index.php?rest_route=\/wp\/v2\/users\/1"}],"replies":[{"embeddable":true,"href":"https:\/\/ucnoqta.az\/index.php?rest_route=%2Fwp%2Fv2%2Fcomments&post=53024"}],"version-history":[{"count":0,"href":"https:\/\/ucnoqta.az\/index.php?rest_route=\/wp\/v2\/posts\/53024\/revisions"}],"wp:featuredmedia":[{"embeddable":true,"href":"https:\/\/ucnoqta.az\/index.php?rest_route=\/wp\/v2\/media\/251278"}],"wp:attachment":[{"href":"https:\/\/ucnoqta.az\/index.php?rest_route=%2Fwp%2Fv2%2Fmedia&parent=53024"}],"wp:term":[{"taxonomy":"category","embeddable":true,"href":"https:\/\/ucnoqta.az\/index.php?rest_route=%2Fwp%2Fv2%2Fcategories&post=53024"},{"taxonomy":"post_tag","embeddable":true,"href":"https:\/\/ucnoqta.az\/index.php?rest_route=%2Fwp%2Fv2%2Ftags&post=53024"}],"curies":[{"name":"wp","href":"https:\/\/api.w.org\/{rel}","templated":true}]}}