{"id":53020,"date":"2017-11-23T20:58:05","date_gmt":"2017-11-23T16:58:05","guid":{"rendered":""},"modified":"-0001-11-30T00:00:00","modified_gmt":"-0001-11-29T20:00:00","slug":"","status":"publish","type":"post","link":"https:\/\/ucnoqta.az\/?p=53020","title":{"rendered":"Az\u0259rbaycan Moskvada \u201cNar Bayram\u0131\u201d t\u0259\u015fkil ed\u0259c\u0259k"},"content":{"rendered":"<p><strong>Moskvan\u0131n Taqansk park\u0131nda noyabr\u0131n 25-d\u0259 Az\u0259rbaycan diasporunun d\u0259st\u0259yi il\u0259 &quot;Nar Bayram\u0131&quot;&nbsp;ke&ccedil;iril\u0259c\u0259k.<\/strong><\/p>\n<p>&nbsp;<\/p>\n<p><strong>Ucnoqta.az <\/strong>Report-a istinadla x\u0259b\u0259r verir ki, moskval\u0131lara v\u0259 paytaxt\u0131n qonaqlar\u0131na nardan haz\u0131rlanm\u0131\u015f i&ccedil;ki v\u0259 yem\u0259kl\u0259r t\u0259klif olunacaq.<\/p>\n<p>Bununla yana\u015f\u0131, qonaqlar Az\u0259rbaycan\u0131n milli m\u0259tb\u0259xi, m\u0259d\u0259niyy\u0259ti, inc\u0259s\u0259n\u0259ti, maraql\u0131 tarixi faktlar\u0131, d&ouml;vl\u0259t dili v\u0259 \u0259d\u0259biyyat\u0131 il\u0259 tan\u0131\u015f ola bil\u0259c\u0259kl\u0259r.<\/p>\n<p>T\u0259dbird\u0259&nbsp;Az\u0259rbaycan kollektivl\u0259rinin v\u0259 artistl\u0259rinin i\u015ftirak\u0131 il\u0259 konsert ba\u015f tutacaq, u\u015faqlar&nbsp; meydan&ccedil;ada animatorlarla vaxt ke&ccedil;ir\u0259c\u0259kl\u0259r.<\/p>\n<p>G&uuml;n&uuml;n \u0259sas hadis\u0259si &quot;Nar Kral\u0131n\u0131n v\u0259 Krali&ccedil;as\u0131n\u0131n&quot; se&ccedil;ilm\u0259si olacaq.<\/p>\n<p>&nbsp;<\/p>\n","protected":false},"excerpt":{"rendered":"<p>Moskvan\u0131n Taqansk park\u0131nda noyabr\u0131n 25-d\u0259 Az\u0259rbaycan diasporunun d\u0259st\u0259yi il\u0259 &quot;Nar Bayram\u0131&quot;&nbsp;ke&ccedil;iril\u0259c\u0259k. &nbsp; Ucnoqta.az Report-a istinadla x\u0259b\u0259r verir ki, moskval\u0131lara v\u0259 paytaxt\u0131n qonaqlar\u0131na nardan haz\u0131rlanm\u0131\u015f i&ccedil;ki v\u0259 yem\u0259kl\u0259r t\u0259klif olunacaq. Bununla&hellip;<\/p>\n","protected":false},"author":1,"featured_media":251278,"comment_status":"open","ping_status":"open","sticky":false,"template":"","format":"standard","meta":{"_lmt_disableupdate":"","_lmt_disable":"","footnotes":""},"categories":[102],"tags":[],"class_list":["post-53020","post","type-post","status-publish","format-standard","has-post-thumbnail","hentry","category-medeniyyet-butun-xeberler"],"_links":{"self":[{"href":"https:\/\/ucnoqta.az\/index.php?rest_route=\/wp\/v2\/posts\/53020","targetHints":{"allow":["GET"]}}],"collection":[{"href":"https:\/\/ucnoqta.az\/index.php?rest_route=\/wp\/v2\/posts"}],"about":[{"href":"https:\/\/ucnoqta.az\/index.php?rest_route=\/wp\/v2\/types\/post"}],"author":[{"embeddable":true,"href":"https:\/\/ucnoqta.az\/index.php?rest_route=\/wp\/v2\/users\/1"}],"replies":[{"embeddable":true,"href":"https:\/\/ucnoqta.az\/index.php?rest_route=%2Fwp%2Fv2%2Fcomments&post=53020"}],"version-history":[{"count":0,"href":"https:\/\/ucnoqta.az\/index.php?rest_route=\/wp\/v2\/posts\/53020\/revisions"}],"wp:featuredmedia":[{"embeddable":true,"href":"https:\/\/ucnoqta.az\/index.php?rest_route=\/wp\/v2\/media\/251278"}],"wp:attachment":[{"href":"https:\/\/ucnoqta.az\/index.php?rest_route=%2Fwp%2Fv2%2Fmedia&parent=53020"}],"wp:term":[{"taxonomy":"category","embeddable":true,"href":"https:\/\/ucnoqta.az\/index.php?rest_route=%2Fwp%2Fv2%2Fcategories&post=53020"},{"taxonomy":"post_tag","embeddable":true,"href":"https:\/\/ucnoqta.az\/index.php?rest_route=%2Fwp%2Fv2%2Ftags&post=53020"}],"curies":[{"name":"wp","href":"https:\/\/api.w.org\/{rel}","templated":true}]}}