{"id":53019,"date":"2017-11-23T14:52:01","date_gmt":"2017-11-23T10:52:01","guid":{"rendered":""},"modified":"-0001-11-30T00:00:00","modified_gmt":"-0001-11-29T20:00:00","slug":"","status":"publish","type":"post","link":"https:\/\/ucnoqta.az\/?p=53019","title":{"rendered":"Ke\u00e7mi\u015f MTN general\u0131 m\u0259hk\u0259m\u0259d\u0259 ifad\u0259 verib"},"content":{"rendered":"<p><strong>Bu g&uuml;n Sabun&ccedil;u Rayon M\u0259hk\u0259m\u0259sinin inzibati binas\u0131nda l\u0259\u011fv olunmu\u015f Milli T\u0259hl&uuml;k\u0259sizlik Nazirliyinin (MTN) sabiq ba\u015f idar\u0259 v\u0259 idar\u0259 r\u0259isl\u0259ri &#8211; general S&uuml;bahir Qurbanov, general Teymur Quliyev, general Natavan Mirv\u0259tova, el\u0259c\u0259 d\u0259 h\u0259min qurumun dig\u0259r v\u0259zif\u0259li \u015f\u0259xsl\u0259ri F&uuml;zuli \u018fliyev, Zaur M\u0259mm\u0259dov, Natiq Al\u0131yev, F\u0259rhad Atayev, Anar \u015eir\u0259liyev, E\u015fqin \u018fliyev, El\u015fad \u018fzizovun cinay\u0259t i\u015fi &uuml;zr\u0259 m\u0259hk\u0259m\u0259 iclas\u0131 davam etdirilib.<\/strong><\/p>\n<p>Ucnoqta.az &nbsp;&ldquo;Report&rdquo;a istinad\u0259n x\u0259b\u0259r verir ki, Bak\u0131 H\u0259rbi M\u0259hk\u0259m\u0259sinin s\u0259dri H\u0259bib H\u0259s\u0259novun s\u0259drliyi il\u0259 qapal\u0131 ke&ccedil;iril\u0259n prosesd\u0259 dinl\u0259m\u0259 epizodu il\u0259 ba\u011fl\u0131 ara\u015fd\u0131rma apar\u0131l\u0131b.<\/p>\n<p>Sonra t\u0259qsirl\u0259ndiril\u0259n \u015f\u0259xsl\u0259rd\u0259n T.Quliyev v\u0259 N.Al\u0131yev ifad\u0259 verib.<br \/>\nHaz\u0131rda iclasda fasil\u0259 elan olunub.<br \/>\nQeyd ed\u0259k ki, MTN-in sabiq ba\u015f idar\u0259 v\u0259 idar\u0259 r\u0259isl\u0259ri &#8211; S&uuml;bahir Qurbanov, Teymur Quliyev, Natavan Mirv\u0259tova, el\u0259c\u0259 d\u0259 h\u0259min qurumun dig\u0259r v\u0259zif\u0259li \u015f\u0259xsl\u0259ri &#8211; Fizuli \u018fliyev, Zaur M\u0259mm\u0259dov, Natiq Al\u0131yev, F\u0259rhad Atayev, Anar \u015eir\u0259liyev, E\u015fqin \u018fliyev v\u0259 El\u015fad \u018fzizov 2015-ci ild\u0259 h\u0259bs edilibl\u0259r.<\/p>\n","protected":false},"excerpt":{"rendered":"<p>Bu g&uuml;n Sabun&ccedil;u Rayon M\u0259hk\u0259m\u0259sinin inzibati binas\u0131nda l\u0259\u011fv olunmu\u015f Milli T\u0259hl&uuml;k\u0259sizlik Nazirliyinin (MTN) sabiq ba\u015f idar\u0259 v\u0259 idar\u0259 r\u0259isl\u0259ri &#8211; general S&uuml;bahir Qurbanov, general Teymur Quliyev, general Natavan Mirv\u0259tova, el\u0259c\u0259&hellip;<\/p>\n","protected":false},"author":1,"featured_media":251278,"comment_status":"open","ping_status":"open","sticky":false,"template":"","format":"standard","meta":{"_lmt_disableupdate":"","_lmt_disable":"","footnotes":""},"categories":[],"tags":[],"class_list":["post-53019","post","type-post","status-publish","format-standard","has-post-thumbnail","hentry"],"_links":{"self":[{"href":"https:\/\/ucnoqta.az\/index.php?rest_route=\/wp\/v2\/posts\/53019","targetHints":{"allow":["GET"]}}],"collection":[{"href":"https:\/\/ucnoqta.az\/index.php?rest_route=\/wp\/v2\/posts"}],"about":[{"href":"https:\/\/ucnoqta.az\/index.php?rest_route=\/wp\/v2\/types\/post"}],"author":[{"embeddable":true,"href":"https:\/\/ucnoqta.az\/index.php?rest_route=\/wp\/v2\/users\/1"}],"replies":[{"embeddable":true,"href":"https:\/\/ucnoqta.az\/index.php?rest_route=%2Fwp%2Fv2%2Fcomments&post=53019"}],"version-history":[{"count":0,"href":"https:\/\/ucnoqta.az\/index.php?rest_route=\/wp\/v2\/posts\/53019\/revisions"}],"wp:featuredmedia":[{"embeddable":true,"href":"https:\/\/ucnoqta.az\/index.php?rest_route=\/wp\/v2\/media\/251278"}],"wp:attachment":[{"href":"https:\/\/ucnoqta.az\/index.php?rest_route=%2Fwp%2Fv2%2Fmedia&parent=53019"}],"wp:term":[{"taxonomy":"category","embeddable":true,"href":"https:\/\/ucnoqta.az\/index.php?rest_route=%2Fwp%2Fv2%2Fcategories&post=53019"},{"taxonomy":"post_tag","embeddable":true,"href":"https:\/\/ucnoqta.az\/index.php?rest_route=%2Fwp%2Fv2%2Ftags&post=53019"}],"curies":[{"name":"wp","href":"https:\/\/api.w.org\/{rel}","templated":true}]}}